{"id":79738,"date":"2022-12-15T19:15:28","date_gmt":"2022-12-15T15:15:28","guid":{"rendered":"https:\/\/knews.ge\/?p=79738"},"modified":"2022-12-26T18:45:07","modified_gmt":"2022-12-26T14:45:07","slug":"%e1%83%93%e1%83%90%e1%83%98%e1%83%af%e1%83%94%e1%83%a1%e1%83%a2%e1%83%98-%e1%83%90%e1%83%96%e1%83%94%e1%83%a0%e1%83%91%e1%83%90%e1%83%98%e1%83%af%e1%83%90%e1%83%9c%e1%83%a3%e1%83%9a-%e1%83%94-16","status":"publish","type":"post","link":"https:\/\/knews.ge\/?p=79738","title":{"rendered":"\u10d3\u10d0\u10d8\u10ef\u10d4\u10e1\u10e2\u10d8 \u10d0\u10d6\u10d4\u10e0\u10d1\u10d0\u10d8\u10ef\u10d0\u10dc\u10e3\u10da \u10d4\u10dc\u10d0\u10d6\u10d4"},"content":{"rendered":"<p><b>Efird\u0259 az\u0259rbaycandilli icmald\u0131r. \u0130cmal onlayn radio \u201cKaxetinin s\u0259si\u201d efirind\u0259 verilir v\u0259 b\u00f6lg\u0259d\u0259 ba\u015f ver\u0259n \u0259h\u0259miyy\u0259tli v\u0259 maraql\u0131 m\u0259s\u0259l\u0259l\u0259r\u0259 toxunur. Verili\u015fi az\u0259rbaycan dilind\u0259 onlayn radio v\u0259 knews. ge\u00a0 informasiya agentliyinin s\u0259hif\u0259sind\u0259 dinl\u0259y\u0259 bil\u0259rsiniz.\u00a0\u00a0<\/b><\/p>\n<p><b>Avropa komissiyas\u0131 G\u00fcrc\u00fcstana vizas\u0131z rejiml<\/b><b>\u0259 ba\u011fl\u0131 t\u00f6vsiyy\u0259l\u0259r verir<\/b><b>\u00a0<\/b><\/p>\n<p><span style=\"font-weight: 400;\">\u00a0Avropa komissiyas\u0131 \u015e<\/span><span style=\"font-weight: 400;\">\u0259rq Avropa \u00f6lk\u0259l\u0259ri il\u0259 vizas\u0131z rejim haqda be\u015finci hesabat\u0131n\u0131 d\u0259rc edir. Hesabatda G\u00fcrc\u00fcstan haqq\u0131nda da m\u0259ruz\u0259 vard\u0131r. Avropa komissiyas\u0131n\u0131n qiym\u0259tl\u0259ndirilm\u0259si il\u0259, G\u00fcrc\u00fcstan viza liberalla\u015fma t\u0259l\u0259bl\u0259rini \u0259ks\u0259r hallarda yerin\u0259 yetirir v\u0259 Avropa \u0130ttifaq\u0131 Qanunvericiliyi il\u0259 uy\u011funluq t\u0259\u015fkil edir. Lakin, \u00fcz\u0259rind\u0259 i\u015fl\u0259nm\u0259li olan bir ne\u00e7\u0259 problemli m\u0259s\u0259l\u0259 yen\u0259 d\u0259 qalmaqdad\u0131r. <\/span><span style=\"font-weight: 400;\">\u00a0<\/span><\/p>\n<p><span style=\"font-weight: 400;\">Avropa Komissiyas\u0131n\u0131n t\u00f6vsiyy<\/span><span style=\"font-weight: 400;\">\u0259l\u0259ri bunlardan ibar\u0259tdir<\/span><span style=\"font-weight: 400;\">: 1.\u00a0 G\u00fcrc\u00fcstan\u0131n viza siyas<\/span><span style=\"font-weight: 400;\">\u0259ti\u00a0 A\u0130-nin viza t\u0259l\u0259b etdiyi ba\u015fqa \u00f6lk\u0259l\u0259rl\u0259 ba\u011fl\u0131\u00a0 viza siyas\u0259ti il\u0259 uzla\u015fd\u0131r\u0131lmal\u0131d\u0131r.\u00a0 Viza siyas\u0259tini t\u0259kmill\u0259\u015fdirm\u0259k, x\u00fcsusil\u0259 d\u0259, Avropa \u0130ttifaq\u0131 \u00fc\u00e7\u00fcn miqrasiya v\u0259 t\u0259hl\u00fck\u0259sizlikl\u0259 ba\u011fl\u0131 y\u00fcks\u0259k risk t\u0259\u015fkil ed\u0259n d\u00f6vl\u0259tl\u0259r\u0259 qar\u015f\u0131 vacibdir.\u00a0 2. S\u0131\u011f\u0131nacaqla ba\u011fl\u0131 t\u0259l\u0259bl\u0259rin \u0259sass\u0131z b\u0259y\u0259natlar\u0131n\u0131 yoxlamaq v\u0259 m\u00fcvafiq m\u0259lumat\u0131 \u00e7atd\u0131rmaq davam etdirilm\u0259lidir<\/span><span style=\"font-weight: 400;\">. 3. Korrupsiyan\u0131 aradan qald\u0131rmaq \u00fc\u00e7\u00fcn d\u00f6vl<\/span><span style=\"font-weight: 400;\">\u0259tin s\u0259yl\u0259ri artmal\u0131, antikorrupsiya xidm\u0259tin m\u00fcst\u0259qilliyi, koordinasiyas\u0131 v\u0259 laz\u0131ml\u0131 qaynaqlarla t\u0259min edilm\u0259lidir. <\/span><span style=\"font-weight: 400;\">\u00a04.\u00a0 Pullar\u0131n yuyulmas\u0131 v<\/span><span style=\"font-weight: 400;\">\u0259 terror\u00e7ulu\u011fu maliyy\u0259l\u0259\u015fdirm\u0259y\u0259 qar\u015f\u0131 reqlamentl\u0259rin t\u0259yin edilm\u0259si istiqam\u0259tind\u0259 G\u00fcrc\u00fcstan v\u0259 Avropa \u0130ttifaq\u0131 Qanunvericilikl\u0259rin uzla\u015fd\u0131r\u0131lmas\u0131 prosesi ba\u015fa \u00e7atd\u0131r\u0131lmal\u0131d\u0131r<\/span><span style=\"font-weight: 400;\">. 5. T<\/span><span style=\"font-weight: 400;\">\u0259\u015fkilatlanm\u0131\u015f cinay\u0259t\u0259, x\u00fcsusil\u0259 d\u0259 Avropa \u0130ttifaq\u0131na t\u0259hl\u00fck\u0259 olan qruplara qar\u015f\u0131 m\u00fcbariz\u0259 g\u00fccl\u0259ndirilm\u0259lidir. <\/span><span style=\"font-weight: 400;\">\u00a06. Ali<\/span><span style=\"font-weight: 400;\"> m\u0259hk\u0259m\u0259d\u0259 hakiml\u0259rin t\u0259yin edilm\u0259si prosesi Venesiya Komissiyas\u0131n\u0131n t\u00f6vsiyy\u0259l\u0259rin\u0259 uy\u011funla\u015fd\u0131r\u0131lmal\u0131d\u0131r. M\u0259hk\u0259m\u0259nin f\u0259aliyy\u0259tini v\u0259 hakiml\u0259rin vicdanl\u0131l\u0131\u011f\u0131n\u0131 qiym\u0259tl\u0259ndir\u0259n qanunvericilik q\u0259bul edilsin<\/span><span style=\"font-weight: 400;\"> 7. M<\/span><span style=\"font-weight: 400;\">\u0259lumatlar\u0131n M\u00fchafiz\u0259 Xidm\u0259tinin tam m\u00fcst\u0259qilliyi t\u0259min edilsin.\u00a0<\/span><\/p>\n<p><b>Kaxetid<\/b><b>\u0259 ukraynal\u0131 d\u00f6y\u00fc\u015f\u00e7\u00fcl\u0259r \u00fc\u00e7\u00fcn isti corablar toplama kampaniyas\u0131 ba\u015flad\u0131<\/b><span style=\"font-weight: 400;\">\u00a0<\/span><\/p>\n<p><span style=\"font-weight: 400;\">Bu t<\/span><span style=\"font-weight: 400;\">\u0259\u015f\u0259bb\u00fcs\u00fcn m\u00fc\u0259llifi QHT<\/span><span style=\"font-weight: 400;\"> ,,<\/span><span style=\"font-weight: 400;\">\u018fdal\u0259tli se\u00e7kil\u0259r<\/span><span style=\"font-weight: 400;\">\u201d-in b\u00f6lg<\/span><span style=\"font-weight: 400;\">\u0259 \u00fczr\u0259 n\u00fcmay\u0259nd\u0259si Nana Devidzenin s\u00f6zl\u0259rin\u0259 g\u00f6r\u0259, kampaniya \u00e7\u0259r\u00e7iv\u0259sind\u0259 corablar b\u00fct\u00fcn b\u0259l\u0259diyy\u0259l\u0259rd\u0259 toplanacaqd\u0131r. <\/span><span style=\"font-weight: 400;\">\u00a0<\/span><\/p>\n<p><b>,,Ukraynal\u0131 d\u00f6y\u00fc\u015f\u00e7\u00fcl<\/b><b>\u0259r \u00fc\u00e7\u00fcn isti corablar\u0131 toplay\u0131b yollamaq iki imkandan istifad\u0259 ed\u0259r\u0259k h\u0259yata ke\u00e7iril\u0259 bil\u0259r: <\/b><b>\u00a0Qurcaani \u015f. None\u015fvili k\u00a0 #12, <\/b><b>\u018fdal\u0259tli se\u00e7kil\u0259rin Kaxeti B\u00f6lg\u0259 Ofisin\u0259 g\u0259tirm\u0259kl\u0259 v\u0259 ya hesaba <\/b><b>(GE09BG0000000539917295) ist<\/b><b>\u0259nil\u0259n sayda pul k\u00f6\u00e7\u00fcrm\u0259kl\u0259. Corablar\u0131 Kaxetinin b\u00fct\u00fcn b\u0259l\u0259diyy\u0259l\u0259rind\u0259n n\u00fcmay\u0259nd\u0259l\u0259rimizin vasit\u0259si il\u0259 toplayaca\u011f\u0131q. <\/b><b>\u00a0\u00a0#d\u00f6y\u00fc\u015f\u00e7\u00fcl<\/b><b>\u0259r\u00fc\u00e7\u00fcncorablar aksiyas\u0131 25 dekabrad\u0259k davam ed\u0259c\u0259kdir. G\u00f6r\u0259k ne\u00e7\u0259 corab toplay\u0131b g\u00f6nd\u0259r\u0259 bil\u0259c\u0259yik<\/b><b>\u201d,\u2013<\/b><span style=\"font-weight: 400;\">\u00a0 Nana Devidze knews.ge bildirmi\u015fdir.\u00a0<\/span><\/p>\n<p><b>Ara\u015fd\u0131rma-\u00a0 xidm<\/b><b>\u0259ti yerl\u0259rd\u0259 h\u0259r be\u015f adamdan minimum biri zorak\u0131l\u0131q v\u0259 s\u0131x\u0131\u015fd\u0131r\u0131lma\u011fa m\u0259ruz qal\u0131r<\/b><span style=\"font-weight: 400;\">\u00a0<\/span><\/p>\n<p><span style=\"font-weight: 400;\">BMT <\/span><span style=\"font-weight: 400;\">\u018fm\u0259k \u00fczr\u0259 Beyn\u0259lxalq T\u0259\u015fkilat\u0131<\/span><span style=\"font-weight: 400;\"> (ILO) t<\/span><span style=\"font-weight: 400;\">\u0259r\u0259find\u0259n<\/span><span style=\"font-weight: 400;\"> 121 \u00f6lk<\/span><span style=\"font-weight: 400;\">\u0259d\u0259n <\/span><span style=\"font-weight: 400;\">\u00a015 ya\u015f \u00fcz<\/span><span style=\"font-weight: 400;\">\u0259rind\u0259 t\u0259xmin\u0259n 75 min \u0259m\u0259kda\u015f\u0131n sor\u011fusu \u0259sas\u0131nda haz\u0131rlanm\u0131\u015f \u201c \u0130\u015f yerind\u0259 zorak\u0131l\u0131q v\u0259 s\u0131x\u0131\u015fd\u0131r\u0131lma t\u0259cr\u00fcb\u0259si: birinci qlobal ara\u015fd\u0131rma\u201d adl\u0131 hesabat\u0131nda<\/span><span style=\"font-weight: 400;\"> namunasib davran\u0131\u015fa m<\/span><span style=\"font-weight: 400;\">\u0259ruz qalan insanlar haqda statistika verilmi\u015fdir. <\/span><span style=\"font-weight: 400;\">\u00a0<\/span><\/p>\n<p><span style=\"font-weight: 400;\">\u00a0\u00a0Hesabatda h<\/span><span style=\"font-weight: 400;\">\u0259r 5 \u0259m\u0259kda\u015fdan minimum birinin<\/span><span style=\"font-weight: 400;\"> (t<\/span><span style=\"font-weight: 400;\">\u0259xmin\u0259n 23 faiz<\/span><span style=\"font-weight: 400;\">) i\u015f yerind<\/span><span style=\"font-weight: 400;\">\u0259 fiziki, psixoloji v\u0259 cinsi zorak\u0131l\u0131\u011fa ya s\u0131x\u0131\u015fd\u0131r\u0131lma\u011fa m\u0259ruz qald\u0131\u011f\u0131 m\u0259lum olur. Sor\u011fuda i\u015ftirak ed\u0259n \u0259m\u0259kda\u015flar\u0131n<\/span><span style=\"font-weight: 400;\"> 17,9 faizi is<\/span><span style=\"font-weight: 400;\">\u0259,\u00a0 psixoloji zorak\u0131l\u0131\u011fa v\u0259 s\u0131x\u0131\u015fd\u0131r\u0131lma\u011fa m\u0259ruz qald\u0131\u011f\u0131n\u0131 bildirmi\u015fdir. \u0130\u015fl\u0259 t\u0259min edil\u0259nl\u0259rin<\/span><span style=\"font-weight: 400;\"> 8,5 faizi fiziki zorak\u0131l\u0131\u011fa m<\/span><span style=\"font-weight: 400;\">\u0259ruz qalm\u0131\u015flar v\u0259 bu ki\u015fil\u0259r aras\u0131nda daha \u00e7ox ba\u015f vermi\u015fdir. Sor\u011fu olunanlar\u0131n<\/span><span style=\"font-weight: 400;\"> 6,3 faizi, x\u00fcsusil<\/span><span style=\"font-weight: 400;\">\u0259 is\u0259 qad\u0131nlar, cinsi zorak\u0131l\u0131q v\u0259 s\u0131x\u0131\u015fd\u0131r\u0131lma\u011fa m\u0259ruz qal\u0131blar. Hesabata g\u00f6r\u0259, i\u015f yerind\u0259 z\u0131rak\u0131l\u0131q v\u0259 s\u0131x\u0131\u015fd\u0131r\u0131lma \u0259n \u00e7ox AB\u015e-da t\u0259sbit edilir, Afrika qit\u0259si is\u0259 ikinci yerd\u0259dir.\u00a0<\/span><\/p>\n<p><b>Hamil<\/b><b>\u0259lik v\u0259 do\u011fu\u015f m\u0259zuniyy\u0259ti d\u00f6vl\u0259t b\u00fcdc\u0259sind\u0259n qar\u015f\u0131lanacaqd\u0131r<\/b><b>\u00a0<\/b><\/p>\n<p><span style=\"font-weight: 400;\">S<\/span><span style=\"font-weight: 400;\">\u0259hiyy\u0259 v\u0259 Sosial M\u0259s\u0259l\u0259l\u0259r Komit\u0259si iclas\u0131nda haz\u0131rlanan yeni qanunvericilik t\u0259\u015f\u0259bb\u00fcs\u00fc haqda m\u00fczakir\u0259l\u0259r apar\u0131ld\u0131. G\u00fcrc\u00fcstan Parlamentinin verdiyi m\u0259lumata \u0259sas\u0259n, S\u0259hiyy\u0259 v\u0259 Sosial M\u0259s\u0259l\u0259l\u0259r Komit\u0259si \u201cG\u00fcrc\u00fcstan \u018fm\u0259k M\u0259c\u0259ll\u0259sind\u0259\u201d d\u0259yi\u015fiklikl\u0259ri d\u0259st\u0259kl\u0259di. T\u0259\u015f\u0259bb\u00fcs dekret m\u0259zuniyy\u0259ti m\u00fcavin\u0259tini n\u0259z\u0259rd\u0259 tutur. <\/span><span style=\"font-weight: 400;\">\u00a0<\/span><\/p>\n<p><span style=\"font-weight: 400;\">S<\/span><span style=\"font-weight: 400;\">\u0259hiyy\u0259 v\u0259 Sosial M\u0259s\u0259l\u0259l\u0259r Komit\u0259si s\u0259drinin birinci m\u00fcavini Vladimer Kaxadzenin izah\u0131na g\u00f6r\u0259, d\u0259yi\u015fiklik 39-cu madd\u0259y\u0259 \u0259lav\u0259 edilir. Madd\u0259y\u0259 g\u00f6r\u0259 hamil\u0259lik d\u00f6vr\u00fc v\u0259 do\u011fu\u015fa, habel\u0259 u\u015fa\u011fa v\u0259 k\u00f6rp\u0259nin \u00f6vladl\u0131\u011fa g\u00f6t\u00fcr\u00fclm\u0259sin\u0259 g\u00f6r\u0259 m\u0259zuniyy\u0259t G\u00fcrc\u00fcstan D\u00f6vl\u0259t B\u00fcdc\u0259sind\u0259n G\u00fcrc\u00fcstan Qanunvericiliyinin n\u0259z\u0259rd\u0259 tutdu\u011fu qaydada qar\u015f\u0131lanacaqd\u0131r. <\/span><span style=\"font-weight: 400;\">\u00a0<\/span><\/p>\n<p><span style=\"font-weight: 400;\">hamil\u0259lik d\u00f6vr\u00fc v\u0259 do\u011fu\u015fa, habel\u0259 u\u015fa\u011fa v\u0259 k\u00f6rp\u0259nin \u00f6vladl\u0131\u011fa g\u00f6t\u00fcr\u00fclm\u0259sin\u0259 g\u00f6r\u0259 \u00f6d\u0259ni\u015fli m\u0259zuniyy\u0259t <\/span><span style=\"font-weight: 400;\">d\u00f6vr\u00fc \u00fc\u00e7\u00fcn veril<\/span><span style=\"font-weight: 400;\">\u0259n m\u00fcavin\u0259tin miqdar\u0131 G\u00fcrc\u00fcstan H\u00f6kum\u0259tinin q\u0259rar\u0131 il\u0259 m\u00fc\u0259yy\u0259nl\u0259\u015fdiril\u0259c\u0259kdir. Vladimir Kaxadzenin izah\u0131na g\u00f6r\u0259,\u00a0 i\u015f\u0259 g\u00f6t\u00fcr\u0259nl\u0259 i\u015fl\u0259 t\u0259min edil\u0259n aras\u0131nda qeyd olunan m\u0259zuniyy\u0259tin \u0259lav\u0259d\u0259n \u00f6d\u0259nm\u0259si bar\u0259sind\u0259 raz\u0131la\u015fmalar son d\u0259r\u0259c\u0259 \u0259h\u0259miyy\u0259tlidir.\u00a0<\/span><\/p>\n<p><b>Kaxetid<\/b><b>\u0259,<\/b><b> 1300 hektar k<\/b><b>\u0259nd t\u0259s\u0259rr\u00fcfat\u0131 torpaq sah\u0259sind\u0259 suvarma suyun \u00e7atd\u0131r\u0131lmas\u0131 yax\u015f\u0131la\u015fd\u0131r\u0131lacaqd\u0131r<\/b><span style=\"font-weight: 400;\">\u00a0<\/span><\/p>\n<p><span style=\"font-weight: 400;\">G\u00fcrc\u00fcstan Meliorasiyas\u0131 Kaxetid<\/span><span style=\"font-weight: 400;\">\u0259 Kvemo Samqori suvarma sisteminin reabilitasiyas\u0131n\u0131 h\u0259yata ke\u00e7irir. Saqareco B\u0259l\u0259diyy\u0259sind\u0259 sol maqistral kanal\u0131n birinci v\u0259 ikinci s\u0131ra suay\u0131r\u0131c\u0131lar\u0131n\u0131n reabilitasiyas\u0131 apar\u0131l\u0131r. Bu \u00fcmd\u0259 20,7 km uzunlu1da qapal\u0131\u00a0 k\u0259m\u0259rin haz\u0131rlanmas\u0131n\u0131 v\u0259 <\/span><span style=\"font-weight: 400;\">\u00a011,8 km uzunluqda d<\/span><span style=\"font-weight: 400;\">\u0259mir-beton kanal\u0131n\u0131n in\u015fa edilm\u0259sini n\u0259z\u0259rd\u0259 tutur. B\u00fct\u00fcn suay\u0131r\u0131c\u0131lar\u0131na hidrantlar v\u0259 bo\u015fald\u0131c\u0131 quyular, boru-k\u00f6rp\u00fcl\u0259r v\u0259 suq\u0259buledicil\u0259r qura\u015fd\u0131r\u0131lacaqd\u0131r. Ke\u00e7irilmi\u015f i\u015fl\u0259r n\u0259tic\u0259sind\u0259, Manavi k\u0259ndi v\u0259 Toxliaurinin 1300 hektar k\u0259nd-t\u0259s\u0259rr\u00fcfat torpaq sah\u0259sind\u0259 sut\u0259minat\u0131 yax\u015f\u0131la\u015fd\u0131r\u0131lacaq.<\/span><span style=\"font-weight: 400;\"> 9,2 mln lari d<\/span><span style=\"font-weight: 400;\">\u0259y\u0259rind\u0259 olan layih\u0259nin ba\u015fa \u00e7atd\u0131r\u0131lmas\u0131<\/span><span style=\"font-weight: 400;\"> 2024-c\u00fc il \u00fc\u00e7\u00fcn planla\u015fd\u0131r\u0131l\u0131r.<\/span><\/p>\n<p><b>2023 -c\u00fc il 1 yanvarda etibar<\/b><b>\u0259n,\u00a0 t\u00fcst\u00fc \u00fcz\u0259rind\u0259 avtomobilin yoxlan\u0131lmas\u0131 meyar\u0131 s\u0259rtl\u0259\u015fir<\/b><span style=\"font-weight: 400;\">\u00a0<\/span><\/p>\n<p><span style=\"font-weight: 400;\">2023-c\u00fc ilin 1 yanvardan etibar<\/span><span style=\"font-weight: 400;\">\u0259n, avtomobili t\u00fcst\u00fcs\u00fcn\u00fc yoxlanaq meyar\u0131 s\u0259rtl\u0259\u015fdirilir. 2020-ci ilin 1 aprel\u0259 q\u0259d\u0259r qeydiyyatdan ke\u00e7\u0259n, benzinl\u0259 i\u015fl\u0259y\u0259n avtomobill\u0259r \u00fc\u00e7\u00fcn t\u00fcst\u00fc<\/span><span style=\"font-weight: 400;\"> (CO) normas\u0131 0.6%-dan 0.55%-d<\/span><span style=\"font-weight: 400;\">\u0259k azal\u0131r. <\/span><span style=\"font-weight: 400;\">\u00a0<\/span><\/p>\n<p><span style=\"font-weight: 400;\">Qeyd olunan haqda texniki yoxlama m<\/span><span style=\"font-weight: 400;\">\u0259rk\u0259zl\u0259ri ittifaq\u0131 s\u0259dri Qiorqi \u015eiola\u015fvili bildirdi. Ona \u0259sas\u0259n\u00a0 texniki reqlament\u0259 m\u00fcvafiq d\u0259yi\u015fiklik \u0259lav\u0259 edil\u0259c\u0259kdir. <\/span><span style=\"font-weight: 400;\">\u00a0<\/span><\/p>\n<p><b>\u201eD<\/b><b>\u0259yi\u015fiklik 2020-ci ilin aprelin birin\u0259 q\u0259d\u0259r qeydiyyatdan ke\u00e7\u0259n\u00a0 benzin m\u00fch\u0259rriki il\u0259 i\u015fl\u0259y\u0259n avtomobill\u0259r\u0259 aiddir. \u0130ndiy\u0259d\u0259k norma<\/b><b> 0.6% idi,\u00a0 indi s<\/b><b>\u0259rtl\u0259\u015f\u0259r\u0259k<\/b><b> 0.55% olur\u201c, \u2013 <\/b><span style=\"font-weight: 400;\">Qiorqi \u015eiola\u015fvili bildirmi\u015fdir.\u00a0<\/span><\/p>\n<p><b>Ola bilsin ki, s\u00fcr\u00fcc\u00fcl<\/b><b>\u0259r \u015f\u0259h\u0259rl\u0259raras\u0131 s\u0259rni\u015finl\u0259ri qeydiyyats\u0131z apara bilm\u0259sinl\u0259r<\/b><b>\u00a0<\/b><\/p>\n<p><span style=\"font-weight: 400;\">G\u00fcrc\u00fcstanda avtomobil va\u011fzallar\u0131 v<\/span><span style=\"font-weight: 400;\">\u0259 s\u0259rni\u015finl\u0259rin da\u015f\u0131nmas\u0131n\u0131 s\u0259hmanla\u015fd\u0131rma 2023-c\u00fc ild\u0259n etibar\u0259n ba\u015flayacaqd\u0131r. Bu \u015f\u0259rti \u00e7oxillik c\u0259hdl\u0259rd\u0259n sonra bu d\u0259f\u0259 iqtisadiyyat naziri Levan Davita\u015fvili s\u0259sl\u0259ndirdi. Onun s\u00f6zl\u0259rin\u0259 g\u00f6r\u0259, G\u00fcrc\u00fcstandak\u0131 avtostansiyalar m\u00fcasir standartlar\u0131 t\u0259min ed\u0259 bilmir v\u0259 yeni reqlamentl\u0259r\u0259 uymal\u0131 olacaqlar. <\/span><span style=\"font-weight: 400;\">\u00a0<\/span><\/p>\n<p><span style=\"font-weight: 400;\">Avto va\u011fzallar v<\/span><span style=\"font-weight: 400;\">\u0259 s\u0259rni\u015finl\u0259ri da\u015f\u0131yan operatorlar\u0131n n\u0259 kimi konkret detallar\u0131 t\u0259min etm\u0259li olmalar\u0131 h\u0259l\u0259 ki m\u0259lum deyil. Lakin T\u0259hl\u00fck\u0259siz Yollar \u00fc\u00e7\u00fcn G\u00fcrc\u00fcstan Alyans\u0131 s\u0259dri Eka Lalia\u015fvili bildirir ki, qanun ilk n\u00f6vb\u0259d\u0259 bazarda yol\u00e7ular\u0131n t\u0259nziml\u0259nm\u0259d\u0259n da\u015f\u0131nmas\u0131n\u0131n qar\u015f\u0131s\u0131n\u0131 alacaqd\u0131r. S\u00fcr\u00fcc\u00fcl\u0259r avtova\u011fzallarla kommunikasiya qurmadan s\u0259rni\u015finl\u0259ri \u00f6zba\u015f\u0131nal\u0131qla apara bilm\u0259y\u0259c\u0259kl\u0259r. Bununla bazarda m\u00f6vcud olan riskl\u0259r azalacaq, s\u00fcr\u00fcc\u00fcl\u0259r aras\u0131ndak\u0131 \u0259dal\u0259tsiz r\u0259qab\u0259ti bir \u00e7\u0259r\u00e7iv\u0259y\u0259 salacaqd\u0131r.\u00a0<\/span><\/p>\n<p>&nbsp;<\/p>\n<p>Listen to azerbaijanul enaze daijesti.MP3 by Makakhaziuri Makaxazi on #SoundCloud<br \/>\n<iframe loading=\"lazy\" class=\"wp-embedded-content\" sandbox=\"allow-scripts\" security=\"restricted\" title=\"azerbaijanul enaze daijesti.MP3 by Makakhaziuri Makaxazi\" width=\"800\" height=\"400\" scrolling=\"no\" frameborder=\"no\" src=\"https:\/\/w.soundcloud.com\/player\/?visual=true&#038;url=https%3A%2F%2Fapi.soundcloud.com%2Ftracks%2F1405847179&#038;show_artwork=true&#038;maxheight=1000&#038;maxwidth=800#?secret=jP2yLuc4XG\" data-secret=\"jP2yLuc4XG\"><\/iframe><\/p>\n","protected":false},"excerpt":{"rendered":"<p>Efird\u0259 az\u0259rbaycandilli icmald\u0131r. \u0130cmal onlayn radio \u201cKaxetinin s\u0259si\u201d efirind\u0259 verilir v\u0259 b\u00f6lg\u0259d\u0259 ba\u015f ver\u0259n \u0259h\u0259miyy\u0259tli v\u0259 maraql\u0131 m\u0259s\u0259l\u0259l\u0259r\u0259 toxunur. Verili\u015fi<\/p>\n","protected":false},"author":29,"featured_media":72348,"comment_status":"closed","ping_status":"open","sticky":false,"template":"","format":"standard","meta":{"colormag_page_layout":"default_layout","_monsterinsights_skip_tracking":false,"_monsterinsights_sitenote_active":false,"_monsterinsights_sitenote_note":"","_monsterinsights_sitenote_category":0,"footnotes":""},"categories":[3,2344],"tags":[],"class_list":["post-79738","post","type-post","status-publish","format-standard","has-post-thumbnail","hentry","category-news","category-2344"],"yoast_head":"<!-- This site is optimized with the Yoast SEO plugin v26.1.1 - https:\/\/yoast.com\/wordpress\/plugins\/seo\/ -->\n<title>\u10d3\u10d0\u10d8\u10ef\u10d4\u10e1\u10e2\u10d8 \u10d0\u10d6\u10d4\u10e0\u10d1\u10d0\u10d8\u10ef\u10d0\u10dc\u10e3\u10da \u10d4\u10dc\u10d0\u10d6\u10d4 | knews.ge<\/title>\n<meta name=\"description\" content=\"Efird\u0259 az\u0259rbaycandilli icmald\u0131r. \u0130cmal onlayn radio \u201cKaxetinin s\u0259si\u201d efirind\u0259 verilir v\u0259 b\u00f6lg\u0259d\u0259 ba\u015f ver\u0259n \u0259h\u0259miyy\u0259tli v\u0259 maraql\u0131 m\u0259s\u0259l\u0259l\u0259r\u0259 toxunur.\" \/>\n<meta name=\"robots\" content=\"index, follow, max-snippet:-1, max-image-preview:large, max-video-preview:-1\" \/>\n<link rel=\"canonical\" href=\"https:\/\/knews.ge\/?p=79738\" \/>\n<meta property=\"og:locale\" content=\"ka_GE\" \/>\n<meta property=\"og:type\" content=\"article\" \/>\n<meta property=\"og:title\" content=\"\u10d3\u10d0\u10d8\u10ef\u10d4\u10e1\u10e2\u10d8 \u10d0\u10d6\u10d4\u10e0\u10d1\u10d0\u10d8\u10ef\u10d0\u10dc\u10e3\u10da \u10d4\u10dc\u10d0\u10d6\u10d4 | knews.ge\" \/>\n<meta property=\"og:description\" content=\"Efird\u0259 az\u0259rbaycandilli icmald\u0131r. \u0130cmal onlayn radio \u201cKaxetinin s\u0259si\u201d efirind\u0259 verilir v\u0259 b\u00f6lg\u0259d\u0259 ba\u015f ver\u0259n \u0259h\u0259miyy\u0259tli v\u0259 maraql\u0131 m\u0259s\u0259l\u0259l\u0259r\u0259 toxunur.\" \/>\n<meta property=\"og:url\" content=\"https:\/\/knews.ge\/?p=79738\" \/>\n<meta property=\"og:site_name\" content=\"knews.ge\" \/>\n<meta property=\"article:publisher\" content=\"https:\/\/www.facebook.com\/kakhetiskhma\" \/>\n<meta property=\"article:published_time\" content=\"2022-12-15T15:15:28+00:00\" \/>\n<meta property=\"article:modified_time\" content=\"2022-12-26T14:45:07+00:00\" \/>\n<meta property=\"og:image\" content=\"https:\/\/knews.ge\/wp-content\/uploads\/ddddsssssss-2.png\" \/>\n\t<meta property=\"og:image:width\" content=\"396\" \/>\n\t<meta property=\"og:image:height\" content=\"441\" \/>\n\t<meta property=\"og:image:type\" content=\"image\/png\" \/>\n<meta name=\"author\" content=\"maka khaziuri\" \/>\n<meta name=\"twitter:card\" content=\"summary_large_image\" \/>\n<meta name=\"twitter:label1\" content=\"Written by\" \/>\n\t<meta name=\"twitter:data1\" content=\"maka khaziuri\" \/>\n\t<meta name=\"twitter:label2\" content=\"Est. reading time\" \/>\n\t<meta name=\"twitter:data2\" content=\"5 \u10ec\u10e3\u10d7\u10d8\" \/>\n<!-- \/ Yoast SEO plugin. -->","yoast_head_json":{"title":"\u10d3\u10d0\u10d8\u10ef\u10d4\u10e1\u10e2\u10d8 \u10d0\u10d6\u10d4\u10e0\u10d1\u10d0\u10d8\u10ef\u10d0\u10dc\u10e3\u10da \u10d4\u10dc\u10d0\u10d6\u10d4 | knews.ge","description":"Efird\u0259 az\u0259rbaycandilli icmald\u0131r. \u0130cmal onlayn radio \u201cKaxetinin s\u0259si\u201d efirind\u0259 verilir v\u0259 b\u00f6lg\u0259d\u0259 ba\u015f ver\u0259n \u0259h\u0259miyy\u0259tli v\u0259 maraql\u0131 m\u0259s\u0259l\u0259l\u0259r\u0259 toxunur.","robots":{"index":"index","follow":"follow","max-snippet":"max-snippet:-1","max-image-preview":"max-image-preview:large","max-video-preview":"max-video-preview:-1"},"canonical":"https:\/\/knews.ge\/?p=79738","og_locale":"ka_GE","og_type":"article","og_title":"\u10d3\u10d0\u10d8\u10ef\u10d4\u10e1\u10e2\u10d8 \u10d0\u10d6\u10d4\u10e0\u10d1\u10d0\u10d8\u10ef\u10d0\u10dc\u10e3\u10da \u10d4\u10dc\u10d0\u10d6\u10d4 | knews.ge","og_description":"Efird\u0259 az\u0259rbaycandilli icmald\u0131r. \u0130cmal onlayn radio \u201cKaxetinin s\u0259si\u201d efirind\u0259 verilir v\u0259 b\u00f6lg\u0259d\u0259 ba\u015f ver\u0259n \u0259h\u0259miyy\u0259tli v\u0259 maraql\u0131 m\u0259s\u0259l\u0259l\u0259r\u0259 toxunur.","og_url":"https:\/\/knews.ge\/?p=79738","og_site_name":"knews.ge","article_publisher":"https:\/\/www.facebook.com\/kakhetiskhma","article_published_time":"2022-12-15T15:15:28+00:00","article_modified_time":"2022-12-26T14:45:07+00:00","og_image":[{"width":396,"height":441,"url":"https:\/\/knews.ge\/wp-content\/uploads\/ddddsssssss-2.png","type":"image\/png"}],"author":"maka khaziuri","twitter_card":"summary_large_image","twitter_misc":{"Written by":"maka khaziuri","Est. reading time":"5 \u10ec\u10e3\u10d7\u10d8"},"schema":{"@context":"https:\/\/schema.org","@graph":[{"@type":"NewsArticle","@id":"https:\/\/knews.ge\/?p=79738#article","isPartOf":{"@id":"https:\/\/knews.ge\/?p=79738"},"author":{"name":"maka khaziuri","@id":"https:\/\/knews.ge\/#\/schema\/person\/032b6bdb337c0ab614221caae17f9989"},"headline":"\u10d3\u10d0\u10d8\u10ef\u10d4\u10e1\u10e2\u10d8 \u10d0\u10d6\u10d4\u10e0\u10d1\u10d0\u10d8\u10ef\u10d0\u10dc\u10e3\u10da \u10d4\u10dc\u10d0\u10d6\u10d4","datePublished":"2022-12-15T15:15:28+00:00","dateModified":"2022-12-26T14:45:07+00:00","mainEntityOfPage":{"@id":"https:\/\/knews.ge\/?p=79738"},"wordCount":1592,"publisher":{"@id":"https:\/\/knews.ge\/#organization"},"image":{"@id":"https:\/\/knews.ge\/?p=79738#primaryimage"},"thumbnailUrl":"https:\/\/knews.ge\/wp-content\/uploads\/ddddsssssss-2.png","articleSection":["\u10d0\u10ee\u10d0\u10da\u10d8 \u10d0\u10db\u10d1\u10d4\u10d1\u10d8","\u10de\u10dd\u10d3\u10d9\u10d0\u10e1\u10e2\u10d4\u10d1\u10d8"],"inLanguage":"ka-GE"},{"@type":"WebPage","@id":"https:\/\/knews.ge\/?p=79738","url":"https:\/\/knews.ge\/?p=79738","name":"\u10d3\u10d0\u10d8\u10ef\u10d4\u10e1\u10e2\u10d8 \u10d0\u10d6\u10d4\u10e0\u10d1\u10d0\u10d8\u10ef\u10d0\u10dc\u10e3\u10da \u10d4\u10dc\u10d0\u10d6\u10d4 | knews.ge","isPartOf":{"@id":"https:\/\/knews.ge\/#website"},"primaryImageOfPage":{"@id":"https:\/\/knews.ge\/?p=79738#primaryimage"},"image":{"@id":"https:\/\/knews.ge\/?p=79738#primaryimage"},"thumbnailUrl":"https:\/\/knews.ge\/wp-content\/uploads\/ddddsssssss-2.png","datePublished":"2022-12-15T15:15:28+00:00","dateModified":"2022-12-26T14:45:07+00:00","description":"Efird\u0259 az\u0259rbaycandilli icmald\u0131r. \u0130cmal onlayn radio \u201cKaxetinin s\u0259si\u201d efirind\u0259 verilir v\u0259 b\u00f6lg\u0259d\u0259 ba\u015f ver\u0259n \u0259h\u0259miyy\u0259tli v\u0259 maraql\u0131 m\u0259s\u0259l\u0259l\u0259r\u0259 toxunur.","breadcrumb":{"@id":"https:\/\/knews.ge\/?p=79738#breadcrumb"},"inLanguage":"ka-GE","potentialAction":[{"@type":"ReadAction","target":["https:\/\/knews.ge\/?p=79738"]}]},{"@type":"ImageObject","inLanguage":"ka-GE","@id":"https:\/\/knews.ge\/?p=79738#primaryimage","url":"https:\/\/knews.ge\/wp-content\/uploads\/ddddsssssss-2.png","contentUrl":"https:\/\/knews.ge\/wp-content\/uploads\/ddddsssssss-2.png","width":396,"height":441},{"@type":"BreadcrumbList","@id":"https:\/\/knews.ge\/?p=79738#breadcrumb","itemListElement":[{"@type":"ListItem","position":1,"name":"Home","item":"https:\/\/knews.ge\/"},{"@type":"ListItem","position":2,"name":"\u10d3\u10d0\u10d8\u10ef\u10d4\u10e1\u10e2\u10d8 \u10d0\u10d6\u10d4\u10e0\u10d1\u10d0\u10d8\u10ef\u10d0\u10dc\u10e3\u10da \u10d4\u10dc\u10d0\u10d6\u10d4"}]},{"@type":"WebSite","@id":"https:\/\/knews.ge\/#website","url":"https:\/\/knews.ge\/","name":"knews.ge","description":"\u10d9\u10d0\u10ee\u10d4\u10d7\u10d8\u10e1 \u10ee\u10db\u10d0 \u10d8\u10dc\u10e4\u10dd\u10e0\u10db\u10d0\u10ea\u10d8\u10d8\u10e1 \u10e1\u10d0\u10dc\u10d3\u10dd \u10ec\u10e7\u10d0\u10e0\u10dd \u10d7\u10d4\u10da\u10d0\u10d5\u10e8\u10d8 , \u10d2\u10e3\u10e0\u10ef\u10d0\u10d0\u10dc\u10e8\u10d8 \u10d3\u10d0 \u10d9\u10d0\u10ee\u10d4\u10d7\u10e8\u10d8","publisher":{"@id":"https:\/\/knews.ge\/#organization"},"potentialAction":[{"@type":"SearchAction","target":{"@type":"EntryPoint","urlTemplate":"https:\/\/knews.ge\/?s={search_term_string}"},"query-input":{"@type":"PropertyValueSpecification","valueRequired":true,"valueName":"search_term_string"}}],"inLanguage":"ka-GE"},{"@type":"Organization","@id":"https:\/\/knews.ge\/#organization","name":"Knews","url":"https:\/\/knews.ge\/","logo":{"@type":"ImageObject","inLanguage":"ka-GE","@id":"https:\/\/knews.ge\/#\/schema\/logo\/image\/","url":"https:\/\/knews.ge\/wp-content\/uploads\/knews-01-with-text.png","contentUrl":"https:\/\/knews.ge\/wp-content\/uploads\/knews-01-with-text.png","width":720,"height":924,"caption":"Knews"},"image":{"@id":"https:\/\/knews.ge\/#\/schema\/logo\/image\/"},"sameAs":["https:\/\/www.facebook.com\/kakhetiskhma","https:\/\/www.linkedin.com\/company\/\u10d9\u10d0\u10ee\u10d4\u10d7\u10d8\u10e1-\u10ee\u10db\u10d0-knews-ge","https:\/\/www.youtube.com\/channel\/UCzUfDfvQO5pccbG94Qu7h0Q\/featured"]},{"@type":"Person","@id":"https:\/\/knews.ge\/#\/schema\/person\/032b6bdb337c0ab614221caae17f9989","name":"maka khaziuri","image":{"@type":"ImageObject","inLanguage":"ka-GE","@id":"https:\/\/knews.ge\/#\/schema\/person\/image\/","url":"https:\/\/secure.gravatar.com\/avatar\/f2866087aa8a45074ee95005739687cc4053aa1740b1c399dea1c9d6126ccf46?s=96&d=mm&r=g","contentUrl":"https:\/\/secure.gravatar.com\/avatar\/f2866087aa8a45074ee95005739687cc4053aa1740b1c399dea1c9d6126ccf46?s=96&d=mm&r=g","caption":"maka khaziuri"},"url":"https:\/\/knews.ge\/?author=29"}]}},"_links":{"self":[{"href":"https:\/\/knews.ge\/index.php?rest_route=\/wp\/v2\/posts\/79738","targetHints":{"allow":["GET"]}}],"collection":[{"href":"https:\/\/knews.ge\/index.php?rest_route=\/wp\/v2\/posts"}],"about":[{"href":"https:\/\/knews.ge\/index.php?rest_route=\/wp\/v2\/types\/post"}],"author":[{"embeddable":true,"href":"https:\/\/knews.ge\/index.php?rest_route=\/wp\/v2\/users\/29"}],"replies":[{"embeddable":true,"href":"https:\/\/knews.ge\/index.php?rest_route=%2Fwp%2Fv2%2Fcomments&post=79738"}],"version-history":[{"count":4,"href":"https:\/\/knews.ge\/index.php?rest_route=\/wp\/v2\/posts\/79738\/revisions"}],"predecessor-version":[{"id":79743,"href":"https:\/\/knews.ge\/index.php?rest_route=\/wp\/v2\/posts\/79738\/revisions\/79743"}],"wp:featuredmedia":[{"embeddable":true,"href":"https:\/\/knews.ge\/index.php?rest_route=\/wp\/v2\/media\/72348"}],"wp:attachment":[{"href":"https:\/\/knews.ge\/index.php?rest_route=%2Fwp%2Fv2%2Fmedia&parent=79738"}],"wp:term":[{"taxonomy":"category","embeddable":true,"href":"https:\/\/knews.ge\/index.php?rest_route=%2Fwp%2Fv2%2Fcategories&post=79738"},{"taxonomy":"post_tag","embeddable":true,"href":"https:\/\/knews.ge\/index.php?rest_route=%2Fwp%2Fv2%2Ftags&post=79738"}],"curies":[{"name":"wp","href":"https:\/\/api.w.org\/{rel}","templated":true}]}}