{"id":77251,"date":"2022-10-05T13:36:21","date_gmt":"2022-10-05T09:36:21","guid":{"rendered":"https:\/\/knews.ge\/?p=77251"},"modified":"2022-10-06T13:37:31","modified_gmt":"2022-10-06T09:37:31","slug":"ictimai-m%c9%99kt%c9%99bl%c9%99r-mu%c9%99lliml%c9%99ri-v%c9%99-mandaturlarin-maasi-125-125-lari-artacaqdir-gurcustan-maliyy%c9%99-nazirinin-lasa-xutsisvilinin-m%c9%99lumatina-%c9%99sas%c9%99n-2023","status":"publish","type":"post","link":"https:\/\/knews.ge\/?p=77251","title":{"rendered":"\u10d3\u10d0\u10d8\u10ef\u10d4\u10e1\u10e2\u10d8 \u10d0\u10d6\u10d4\u10e0\u10d1\u10d0\u10d8\u10ef\u10d0\u10dc\u10e3\u10da \u10d4\u10dc\u10d0\u10d6\u10d4"},"content":{"rendered":"<p><b>\u0130ctimai m\u0259kt\u0259bl\u0259r\u00a0 m\u00fc\u0259lliml\u0259ri v\u0259 mandaturlar\u0131n maa\u015f\u0131 125-125 lari artacaqd\u0131r<\/b><span style=\"font-weight: 400;\">\u00a0<\/span><\/p>\n<p><span style=\"font-weight: 400;\">G\u00fcrc\u00fcstan Maliyy\u0259 Nazirinin, La\u015fa Xutsi\u015fvilinin m\u0259lumat\u0131na \u0259sas\u0259n, 2023-c\u00fc ild\u0259n etibar\u0259n ictimai m\u0259kt\u0259b m\u00fc\u0259lliml\u0259ri v\u0259 mandaturlar\u0131n\u0131n maa\u015f\u0131 125 lari art\u0131r. H\u00f6kum\u0259t iclas\u0131ndan sonra izah etdiyi kimi, b\u0259l\u0259diyy\u0259l\u0259rin art\u0131r\u0131lm\u0131\u015f\u00a0 m\u0259daxill\u0259ri \u00e7\u0259r\u00e7iv\u0259sind\u0259 u\u015faq ba\u011f\u00e7as\u0131 \u0259m\u0259kda\u015flar\u0131n\u0131n maa\u015flar\u0131 100 lari artacaqd\u0131r. <\/span><b>\u201eT\u0259hsil v\u0259 Elm Nazirlyinin maliyy\u0259l\u0259\u015fdirilm\u0259si 290 milyon lari miqdar\u0131nda artm\u0131\u015fd\u0131r. Bunun say\u0259sind\u0259 ictimai m\u0259kt\u0259bl\u0259r m\u00fc\u0259lliml\u0259rinin v\u0259 mandaturlar\u0131n maa\u015flar\u0131 125 lari\u00a0 il\u0259 artacaqd\u0131r. M\u0259kt\u0259b administrasiyas\u0131n\u0131n maa\u015flar\u0131, ba\u015fqa idar\u0259l\u0259rd\u0259 oldu\u011fu kimi 10% artacaq. Bununla yana\u015f\u0131 pe\u015f\u0259 t\u0259hsil ocaqlar\u0131 pedaqoqlar\u0131n\u0131n saat ba\u015f\u0131 \u0259m\u0259k haqq\u0131 da 15 larid\u0259n 18 lariy\u0259 q\u0259d\u0259r y\u00fcks\u0259l\u0259c\u0259kdir. 500-d\u0259n \u00e7ox ictimai m\u0259kt\u0259bin reabilitasiys\u0131na\u00a0 v\u0259 tikintisin\u0259 ba\u015flay\u0131r\u0131q ki, bunun \u00fc\u00e7\u00fcn 2023-c\u00fc ild\u0259 maliyy\u0259l\u0259\u015fdirm\u0259 300 milyon lari il\u0259 artacaqd\u0131r. H\u0259m\u00e7inin, b\u0259l\u0259diyy\u0259l\u0259rin artm\u0131\u015f m\u0259daxill\u0259ri \u00e7\u0259r\u00e7iv\u0259sind\u0259 u\u015faq ba\u011f\u00e7alar\u0131 \u0259m\u0259kda\u015flar\u0131n\u0131n maa\u015flar\u0131 100 lari miqdar\u0131nda artacaqd\u0131r\u201c,<\/b><span style=\"font-weight: 400;\"> \u2013 La\u015fa Xutsi\u015fvili qeyd edib.\u00a0<\/span><\/p>\n<p><b>70 v\u0259 daha \u00e7ox ya\u015f\u0131 olan pensiya\u00e7\u0131lar\u0131n pensiyalar\u0131 y\u00fcks\u0259kda\u011fl\u0131q b\u00f6lg\u0259l\u0259rd\u0259 440, ba\u015fqa yerl\u0259rd\u0259 is\u0259 365 lari olacaqd\u0131r\u00a0<\/b><\/p>\n<p><span style=\"font-weight: 400;\">Ba\u015f-Nazir \u0130rakli <\/span><span style=\"font-weight: 400;\">\u011e<\/span><span style=\"font-weight: 400;\">ariba\u015fvilinin b\u0259y\u0259nat\u0131 il\u0259, 70 v\u0259 daha \u00e7ox ya\u015f\u0131 olan pensiya\u00e7\u0131lar\u0131n pensiyas\u0131 y\u00fcks\u0259kda\u011fl\u0131q b\u00f6lg\u0259l\u0259rd\u0259 440, ba\u015fqa yerl\u0259rd\u0259 is\u0259 365 lari olacaqd\u0131r.\u00a0\u00a0<\/span><\/p>\n<p><b>\u201eO ki qald\u0131 sosial istiqam\u0259t\u0259, s\u0259hiyy\u0259 v\u0259 sosial proqramlar\u0131n maliyy\u0259l\u0259\u015fdirilm\u0259si 770 milyon lari olacaq, 70\u00a0 v\u0259 70-d\u0259n yuxar\u0131 ya\u015f\u0131 olan pensiya\u00e7\u0131lar\u0131n pensiyas\u0131 y\u00fcks\u0259kda\u011fl\u0131q b\u00f6lg\u0259l\u0259rd\u0259 440, ba\u015fqa yerl\u0259rd\u0259 is\u0259 360 olacaqd\u0131r.\u00a0 70 ya\u015fad\u0259k olan pensiya\u00e7\u0131lar is\u0259 300 lariy\u0259d\u0259k alacaqlar. Y\u00fcks\u0259kda\u011fl\u0131q b\u00f6lg\u0259l\u0259rd\u0259 ya\u015f\u0131 70-\u0259 \u00e7atmam\u0131\u015f\u00a0 pensiya\u00e7\u0131lar is\u0259 355 lari alacaqlar. Pensiyadan \u0259lav\u0259, dem\u0259k ist\u0259yirik ki, k\u0259skin \u015f\u0259kild\u0259 \u0259lilliyi olanlar\u0131n sosial m\u00fcavni\u0259ti 65 lari il\u0259 art\u0131r\u0131lacaqd\u0131r. Yerd\u0259 qalan kateqoriya fiziki m\u0259hdudiyy\u0259tli \u015f\u0259xsl\u0259r m\u00fcavin\u0259ti d\u0259 artacaqd\u0131r. Xat\u0131rlatmaq ist\u0259yir\u0259m ki, u\u015faqlar\u0131n m\u00fcavin\u0259tini dem\u0259k olar ki, 3 qat\u0131na \u00e7\u0131xarm\u0131\u015f\u0131q, 50 lari idi, art\u0131q 150 laridir. \u00d6t\u0259n il 100 lari idi, bu ils\u0259 150 etdik v\u0259 bu yen\u0259 d\u0259 davam ed\u0259c\u0259kdir. \u201c,<\/b><span style=\"font-weight: 400;\"> \u2013 Ba\u015f Nazir bildirib.<\/span><\/p>\n<p><b>D\u00f6vl\u0259t qulluq\u00e7ular\u0131n\u0131n maa\u015f\u0131 10%, polisl\u0259rin, \u0259sg\u0259rl\u0259rin v\u0259 t\u0259hl\u00fck\u0259sizlik \u0259m\u0259kda\u015flar\u0131n\u0131n maa\u015f\u0131 is\u0259 20% art\u0131r\u0131lacaqd\u0131r<\/b><span style=\"font-weight: 400;\">\u00a0<\/span><\/p>\n<p><span style=\"font-weight: 400;\">2023-c\u00fc ilin yanvar\u0131ndan etibar\u0259n b\u00fct\u00fcn d\u00f6vl\u0259t qulluq\u00e7ular\u0131n\u0131n maa\u015flar\u0131 10% art\u0131r\u0131l\u0131r.\u00a0 Art\u0131\u015f n\u00f6vb\u0259ti ill\u0259rd\u0259 d\u0259 davam ed\u0259c\u0259kdir. Bu istiqam\u0259td\u0259 biz polisl\u0259ri, \u0259sg\u0259rl\u0259ri, t\u0259hl\u00fck\u0259sizliyin \u0259m\u0259kda\u015flar\u0131n\u0131 ir\u0259li \u00e7\u0259kdik. Onlar\u0131n maa\u015flar\u0131 20% artacaqd\u0131r, \u2013 bunun haqq\u0131nda Ba\u015f-Nazir \u0130rakli \u011eariba\u015fvili H\u00f6kum\u0259t iclas\u0131nda demi\u015fdir.\u00a0\u00a0<\/span><\/p>\n<p><span style=\"font-weight: 400;\">Ba\u015f-Nazirin bildirdiyi kimi, M\u00fcdafi\u0259 Nazirliyinin, D\u0130N v\u0259 DTX-n\u0131n maliyy\u0259l\u0259\u015fdirilm\u0259si 490 mln lari art\u0131r. Maa\u015flar \u00fc\u00e7\u00fcns\u0259 290 milyon lari n\u0259z\u0259rd\u0259 tutulmu\u015fdu.\u00a0\u00a0<\/span><\/p>\n<p><b>Tu\u015feti qoru\u011funda leopard yen\u0259 d\u0259 g\u00f6r\u00fcnd\u00fc<\/b><span style=\"font-weight: 400;\">\u00a0<\/span><\/p>\n<p><span style=\"font-weight: 400;\">B\u0259bir\/Leopard Tu\u015feti qoru\u011funda g\u00f6r\u00fcnd\u00fc. Nakresi Koservasiya Ara\u015fd\u0131rma Qrupu, f\u0259dakarcas\u0131na i\u015fl\u0259m\u0259 n\u0259tic\u0259sind\u0259, B\u0259bir\/Leopard\u0131 (Pantera pardus) G\u00fcrc\u00fcstanda t\u0259sbit etm\u0259yi bacard\u0131. Tu\u015feti qoru\u011funda qura\u015fd\u0131r\u0131lm\u0131\u015f foto-t\u0259l\u0259 b\u0259biri avqustda t\u0259sbit ets\u0259 d\u0259, qrup \u00fczvl\u0259ri onu pay\u0131zda kameralar\u0131 toplad\u0131qda k\u0259\u015ff etdil\u0259r. G\u00fcrc\u00fcstanda b\u0259birl\u0259rin ara\u015fd\u0131rmas\u0131\u00a0 D\u00fcnya T\u0259bi\u0259ti M\u00fcdafi\u0259 Fondunun (WWF) Qafqaz proqram\u0131 ofisinin t\u0259\u015f\u0259bb\u00fcs\u00fc v\u0259 maliyy\u0259 d\u0259st\u0259yi il\u0259 h\u0259yata ke\u00e7irilir. Tu\u015feti b\u0259birini t\u0259krar qeyd etm\u0259k leopard\u0131n G\u00fcrc\u00fcstana qay\u0131d\u0131b t\u00f6r\u0259m\u0259si \u00fcmidini verir. Xat\u0131rladaq ki, 2021-ci ilin avqustunda b\u0259bir h\u0259min \u0259razid\u0259 ilk d\u0259f\u0259 t\u0259sbit edilmi\u015fdi. Nakres G\u00fcrc\u00fcstanda b\u0259birin ara\u015fd\u0131rma proqram\u0131n\u0131 2020-ci ild\u0259n D\u00fcnya T\u0259bi\u0259tin M\u00fcdafi\u0259si Fondunun (WWF) t\u0259\u015f\u0259bb\u00fcs\u00fc v\u0259 maliyy\u0259 d\u0259st\u0259yi il\u0259 yenil\u0259mi\u015fdir.\u00a0<\/span><\/p>\n<p><b>G\u00fcrc\u00fcstanda ya\u015fay\u0131\u015f m\u00fcavin\u0259tini 660 833 v\u0259t\u0259nda\u015f al\u0131r<\/b><span style=\"font-weight: 400;\">\u00a0<\/span><\/p>\n<p><span style=\"font-weight: 400;\">Sosial Xidm\u0259t Agentliyinin verilmi\u015fl\u0259rin\u0259 g\u00f6r\u0259, cari ild\u0259 ya\u015fay\u0131\u015f m\u00fcavin\u0259tini \u00fcmd\u0259 660\u00a0833 sosial c\u0259h\u0259td\u0259n m\u00fcdafi\u0259 olunmayan \u015f\u0259xs alm\u0131\u015fd\u0131r. Bu r\u0259q\u0259m G\u00fcrc\u00fcstan\u0131n \u00fcmumi \u0259halisinin 17.7%-dir. Sentyabrda avqusta nisb\u0259t\u0259n ya\u015fay\u0131\u015f m\u00fcavin\u0259tini alanlar\u0131n say\u0131 9\u00a0208 n\u0259f\u0259rl\u0259 azald\u0131. O ki qald\u0131 sosial c\u0259h\u0259td\u0259 m\u00fcdafi\u0259 olunmayan v\u0259t\u0259nda\u015flara k\u00f6\u00e7\u00fcr\u00fcl\u0259n m\u0259bl\u0259\u011fin h\u0259cmin\u0259, b\u00fcdc\u0259d\u0259n bunun \u00fc\u00e7\u00fcn 56 milyon 451 min lariy\u0259 kimi pul x\u0259rcl\u0259nmi\u015fdir. Agentliyin verilmi\u015fl\u0259rin\u0259 \u0259sas\u0259n, 2019-cu ilin dekabr\u0131ndan 2022-ci ilin avqustu hesaba al\u0131nmaqla \u00f6lk\u0259d\u0259 bu m\u00fcavin\u0259ti alanlar\u0131n say\u0131 aybaay artmaqda idi. Yaln\u0131z cari ilin yanvar-avqust d\u00f6vr\u00fcnd\u0259 onlar\u0131n say\u0131 21 865-l\u0259 artd\u0131. Xat\u0131rladaq ki, PMCG-in ara\u015fd\u0131rmas\u0131na \u0259sas\u0259n,\u00a0 2019-dan 202-ci il\u0259d\u0259k, G\u00fcrc\u00fcstanda, ya\u015fay\u0131\u015f m\u00fcvain\u0259tini alan ail\u0259l\u0259rin say\u0131 46%-l\u0259 artm\u0131\u015f 174\u00a0 min t\u0259\u015fkil etmi\u015fdir. Eyni d\u00f6vrd\u0259 Sosial Xidm\u0259t Agentliyinin platformas\u0131nda qeydiyyatdan ke\u00e7mi\u015f ail\u0259l\u0259rin 351 minl\u0259 artm\u0131\u015fd\u0131r (14%).<\/span><\/p>\n<p><b>Mariamcvari qoru\u011funa ged\u0259n yolun v\u0259 m\u00fcvafiq infrastrukturun abadla\u015fd\u0131r\u0131lmas\u0131 i\u015fl\u0259ri ba\u015fa \u00e7atd\u0131<\/b><span style=\"font-weight: 400;\">\u00a0<\/span><\/p>\n<p><span style=\"font-weight: 400;\">Saqareco B\u0259l\u0259diyy\u0259sind\u0259, Mariamcvari qoru\u011funun turistl\u0259r \u00fc\u00e7\u00fcn \u0259\u00e7latanl\u0131\u011f\u0131n\u0131 art\u0131rmaq m\u0259qs\u0259dil\u0259, yolu v\u0259 ifrastruktur s\u0259hmana sal\u0131nd\u0131. Layih\u0259 b\u00f6lg\u0259l\u0259rin inteqrasiyal\u0131 inki\u015faf\u0131 \u00fczr\u0259 pilotaj proqram\u0131n\u0131 \u00e7\u0259r\u00e7iv\u0259sind\u0259, yerli b\u00fcdc\u0259nin i\u015ftirakl\u0131 maliyy\u0259l\u0259\u015fdirm\u0259si il\u0259 h\u0259yata ke\u00e7irildi. Lahiy\u0259nin strateji m\u0259qs\u0259di Saqareco b\u0259l\u0259diyy\u0259sind\u0259 turistl\u0259r\u0259 edil\u0259n t\u0259klifl\u0259ri yax\u015f\u0131la\u015fd\u0131rmaq, ziyar\u0259t\u00e7il\u0259rin say\u0131n\u0131n artmas\u0131 v\u0259 yerli biznesin inki\u015faf\u0131na d\u0259st\u0259k verm\u0259kdir.\u00a0<\/span><\/p>\n<p>&nbsp;<\/p>\n<p><b>Mtvrala\u015fvili: 10 g\u00fcn i\u00e7ind\u0259 yanacaq 10-15 tetri ucuzla\u015facaqd\u0131r<\/b><span style=\"font-weight: 400;\">\u00a0<\/span><\/p>\n<p><span style=\"font-weight: 400;\">Qlobal Ticar\u0259t Qrupunun Ba\u015f m\u00fcdiri Vano Mtvrala\u015fvili bildirir ki 10 g\u00fcn i\u00e7\u0259risind\u0259 yanaca\u011f\u0131n qiym\u0259ti 10-15 tetri ucuzla\u015facaqd\u0131r. Mtvrala\u015fvilinin dem\u0259yin\u0259 g\u00f6r\u0259, ucuzla\u015fma g\u00f6zl\u0259ntisi neft qiym\u0259tl\u0259rinin azalmas\u0131 v\u0259 larinin m\u0259z\u0259nn\u0259sinin sabitliyind\u0259n ir\u0259li g\u0259lir.\u00a0\u00a0<\/span><\/p>\n<p><b>\u201cYanaca\u011f\u0131n ucuzla\u015fmas\u0131 g\u00f6zl\u0259m\u0259liyik. Neftin qiym\u0259ti \u0259h\u0259miyy\u0259tli d\u0259r\u0259c\u0259d\u0259 d\u00fc\u015f\u00fcb, habel\u0259 larinin m\u0259z\u0259nn\u0259si d\u0259 sabitl\u0259\u015fibdir.\u00a0 Bununla bel\u0259, dizel v\u0259 benzinin topdan sat\u0131\u015f\u0131 da enibdir ki, qioym\u0259tl\u0259rin korreksiyas\u0131na bunun da t\u0259siri vard\u0131r. M<\/b><b>\u0259s\u0259l\u0259n, 1 litr benzinin d\u0259y\u0259ri topdan sat\u0131\u015f bazar\u0131nda bu g\u00fcn t\u0259xmin\u0259n 2.70 tetri idi, 1 litr dizelin is\u0259 &#8211; 3.30. Bunun n\u0259tic\u0259sind\u0259 cari ayda yanacaq t\u0259xmin\u0259n 10-20 tetri il\u0259 ucuzla\u015fm\u0131\u015fd\u0131r. Neftin bu g\u00fcn \u00fc\u00e7\u00fcn m\u00f6vcud olan beyn\u0259lxalq qiym\u0259tl\u0259ri \u015f\u0259raitind\u0259 is\u0259, \u0259n yax\u0131n 10 g\u00fcnd\u0259 yanacaq \u0259lav\u0259d\u0259n 10-15 tetri il\u0259 ucuzla\u015facaqd\u0131r<\/b><b>\u201d,-<\/b><span style=\"font-weight: 400;\"> Vano Mtvrali\u015fvili deyir.\u00a0<\/span><\/p>\n<p><b>COVID-19-a yoluxmu\u015flarla kontakt olanlar art\u0131q t\u0259crid\u0259 tabe tutulan deyill\u0259r<\/b><span style=\"font-weight: 400;\">\u00a0<\/span><\/p>\n<p><span style=\"font-weight: 400;\">Bununla ba\u011fl\u0131 q\u0259rar\u0131 H\u00f6kum\u0259t vermi\u015f v\u0259 o Qanunvericilik x\u0259b\u0259r\u00e7isind\u0259 d\u0259rc edildi. <\/span><b>,Kontakt olan \u015f\u0259xsl\u0259rd\u0259n H\u00f6kum\u0259t maskla g\u0259zdirm\u0259yi, 10 t\u0259qvimi g\u00fcn \u0259rzind\u0259 g\u0259zdirm\u0259yiu t\u0259l\u0259b edir.\u00a0 H\u0259m\u00e7inin kontakt olan \u015f\u0259xs, buster doza il\u0259 peyv\u0259nd olundu\u011fu t\u0259qdird\u0259, t\u0259crid edilmir; ilkin\u00a0 peyv\u0259ndin 2-ci dozas\u0131n\u0131 q\u0259bul etdikd\u0259n 14-90 g\u00fcn \u0259rzind\u0259; kovid infeksiyas\u0131n\u0131 ke\u00e7irdikd\u0259n 60 g\u00fcn \u0259rzind\u0259\u201c,<\/b><span style=\"font-weight: 400;\"> \u2013\u00a0 Ba\u015f-Nazirin imzalad\u0131\u011f\u0131 q\u0259rarda bel\u0259 yaz\u0131l\u0131r.\u00a0<\/span><\/p>\n<p><iframe loading=\"lazy\" width=\"100%\" height=\"300\" scrolling=\"no\" frameborder=\"no\" allow=\"autoplay\" src=\"https:\/\/w.soundcloud.com\/player\/?url=https%3A\/\/api.soundcloud.com\/tracks\/1357801726&#038;color=%23ff5500&#038;auto_play=false&#038;hide_related=false&#038;show_comments=true&#038;show_user=true&#038;show_reposts=false&#038;show_teaser=true&#038;visual=true\"><\/iframe><\/p>\n<div style=\"font-size: 10px; color: #cccccc;line-break: anywhere;word-break: normal;overflow: hidden;white-space: nowrap;text-overflow: ellipsis; font-family: Interstate,Lucida Grande,Lucida Sans Unicode,Lucida Sans,Garuda,Verdana,Tahoma,sans-serif;font-weight: 100;\"><a href=\"https:\/\/soundcloud.com\/knews-ge\" title=\"Radio Kakhetis Khma\" target=\"_blank\" style=\"color: #cccccc; text-decoration: none;\" rel=\"noopener\">Radio Kakhetis Khma<\/a> \u00b7 <a href=\"https:\/\/soundcloud.com\/knews-ge\/08wcybzv8i0l\" title=\"\u10d9\u10d5\u10d8\u10e0\u10d8\u10e1 \u10e8\u10d4\u10ef\u10d0\u10db\u10d4\u10d1\u10d0\" target=\"_blank\" style=\"color: #cccccc; text-decoration: none;\" rel=\"noopener\">\u10d9\u10d5\u10d8\u10e0\u10d8\u10e1 \u10e8\u10d4\u10ef\u10d0\u10db\u10d4\u10d1\u10d0<\/a><\/div>\n","protected":false},"excerpt":{"rendered":"<p>\u0130ctimai m\u0259kt\u0259bl\u0259r\u00a0 m\u00fc\u0259lliml\u0259ri v\u0259 mandaturlar\u0131n maa\u015f\u0131 125-125 lari artacaqd\u0131r\u00a0 G\u00fcrc\u00fcstan Maliyy\u0259 Nazirinin, La\u015fa Xutsi\u015fvilinin m\u0259lumat\u0131na \u0259sas\u0259n, 2023-c\u00fc ild\u0259n etibar\u0259n ictimai<\/p>\n","protected":false},"author":29,"featured_media":72348,"comment_status":"closed","ping_status":"open","sticky":false,"template":"","format":"standard","meta":{"colormag_page_layout":"default_layout","_monsterinsights_skip_tracking":false,"_monsterinsights_sitenote_active":false,"_monsterinsights_sitenote_note":"","_monsterinsights_sitenote_category":0,"footnotes":""},"categories":[3,2344],"tags":[],"class_list":["post-77251","post","type-post","status-publish","format-standard","has-post-thumbnail","hentry","category-news","category-2344"],"yoast_head":"<!-- This site is optimized with the Yoast SEO plugin v26.1.1 - https:\/\/yoast.com\/wordpress\/plugins\/seo\/ -->\n<title>\u10d3\u10d0\u10d8\u10ef\u10d4\u10e1\u10e2\u10d8 \u10d0\u10d6\u10d4\u10e0\u10d1\u10d0\u10d8\u10ef\u10d0\u10dc\u10e3\u10da \u10d4\u10dc\u10d0\u10d6\u10d4 | knews.ge<\/title>\n<meta name=\"description\" content=\"\u0130ctimai m\u0259kt\u0259bl\u0259r\u00a0 m\u00fc\u0259lliml\u0259ri v\u0259 mandaturlar\u0131n maa\u015f\u0131 125-125 lari artacaqd\u0131r\u00a0 G\u00fcrc\u00fcstan Maliyy\u0259 Nazirinin, La\u015fa Xutsi\u015fvilinin m\u0259lumat\u0131na \u0259sas\u0259n, 2023-c\u00fc\" \/>\n<meta name=\"robots\" content=\"index, follow, max-snippet:-1, max-image-preview:large, max-video-preview:-1\" \/>\n<link rel=\"canonical\" href=\"https:\/\/knews.ge\/?p=77251\" \/>\n<meta property=\"og:locale\" content=\"ka_GE\" \/>\n<meta property=\"og:type\" content=\"article\" \/>\n<meta property=\"og:title\" content=\"\u10d3\u10d0\u10d8\u10ef\u10d4\u10e1\u10e2\u10d8 \u10d0\u10d6\u10d4\u10e0\u10d1\u10d0\u10d8\u10ef\u10d0\u10dc\u10e3\u10da \u10d4\u10dc\u10d0\u10d6\u10d4 | knews.ge\" \/>\n<meta property=\"og:description\" content=\"\u0130ctimai m\u0259kt\u0259bl\u0259r\u00a0 m\u00fc\u0259lliml\u0259ri v\u0259 mandaturlar\u0131n maa\u015f\u0131 125-125 lari artacaqd\u0131r\u00a0 G\u00fcrc\u00fcstan Maliyy\u0259 Nazirinin, La\u015fa Xutsi\u015fvilinin m\u0259lumat\u0131na \u0259sas\u0259n, 2023-c\u00fc\" \/>\n<meta property=\"og:url\" content=\"https:\/\/knews.ge\/?p=77251\" \/>\n<meta property=\"og:site_name\" content=\"knews.ge\" \/>\n<meta property=\"article:publisher\" content=\"https:\/\/www.facebook.com\/kakhetiskhma\" \/>\n<meta property=\"article:published_time\" content=\"2022-10-05T09:36:21+00:00\" \/>\n<meta property=\"article:modified_time\" content=\"2022-10-06T09:37:31+00:00\" \/>\n<meta property=\"og:image\" content=\"https:\/\/knews.ge\/wp-content\/uploads\/ddddsssssss-2.png\" \/>\n\t<meta property=\"og:image:width\" content=\"396\" \/>\n\t<meta property=\"og:image:height\" content=\"441\" \/>\n\t<meta property=\"og:image:type\" content=\"image\/png\" \/>\n<meta name=\"author\" content=\"maka khaziuri\" \/>\n<meta name=\"twitter:card\" content=\"summary_large_image\" \/>\n<meta name=\"twitter:label1\" content=\"Written by\" \/>\n\t<meta name=\"twitter:data1\" content=\"maka khaziuri\" \/>\n\t<meta name=\"twitter:label2\" content=\"Est. reading time\" \/>\n\t<meta name=\"twitter:data2\" content=\"5 \u10ec\u10e3\u10d7\u10d8\" \/>\n<!-- \/ Yoast SEO plugin. -->","yoast_head_json":{"title":"\u10d3\u10d0\u10d8\u10ef\u10d4\u10e1\u10e2\u10d8 \u10d0\u10d6\u10d4\u10e0\u10d1\u10d0\u10d8\u10ef\u10d0\u10dc\u10e3\u10da \u10d4\u10dc\u10d0\u10d6\u10d4 | knews.ge","description":"\u0130ctimai m\u0259kt\u0259bl\u0259r\u00a0 m\u00fc\u0259lliml\u0259ri v\u0259 mandaturlar\u0131n maa\u015f\u0131 125-125 lari artacaqd\u0131r\u00a0 G\u00fcrc\u00fcstan Maliyy\u0259 Nazirinin, La\u015fa Xutsi\u015fvilinin m\u0259lumat\u0131na \u0259sas\u0259n, 2023-c\u00fc","robots":{"index":"index","follow":"follow","max-snippet":"max-snippet:-1","max-image-preview":"max-image-preview:large","max-video-preview":"max-video-preview:-1"},"canonical":"https:\/\/knews.ge\/?p=77251","og_locale":"ka_GE","og_type":"article","og_title":"\u10d3\u10d0\u10d8\u10ef\u10d4\u10e1\u10e2\u10d8 \u10d0\u10d6\u10d4\u10e0\u10d1\u10d0\u10d8\u10ef\u10d0\u10dc\u10e3\u10da \u10d4\u10dc\u10d0\u10d6\u10d4 | knews.ge","og_description":"\u0130ctimai m\u0259kt\u0259bl\u0259r\u00a0 m\u00fc\u0259lliml\u0259ri v\u0259 mandaturlar\u0131n maa\u015f\u0131 125-125 lari artacaqd\u0131r\u00a0 G\u00fcrc\u00fcstan Maliyy\u0259 Nazirinin, La\u015fa Xutsi\u015fvilinin m\u0259lumat\u0131na \u0259sas\u0259n, 2023-c\u00fc","og_url":"https:\/\/knews.ge\/?p=77251","og_site_name":"knews.ge","article_publisher":"https:\/\/www.facebook.com\/kakhetiskhma","article_published_time":"2022-10-05T09:36:21+00:00","article_modified_time":"2022-10-06T09:37:31+00:00","og_image":[{"width":396,"height":441,"url":"https:\/\/knews.ge\/wp-content\/uploads\/ddddsssssss-2.png","type":"image\/png"}],"author":"maka khaziuri","twitter_card":"summary_large_image","twitter_misc":{"Written by":"maka khaziuri","Est. reading time":"5 \u10ec\u10e3\u10d7\u10d8"},"schema":{"@context":"https:\/\/schema.org","@graph":[{"@type":"NewsArticle","@id":"https:\/\/knews.ge\/?p=77251#article","isPartOf":{"@id":"https:\/\/knews.ge\/?p=77251"},"author":{"name":"maka khaziuri","@id":"https:\/\/knews.ge\/#\/schema\/person\/032b6bdb337c0ab614221caae17f9989"},"headline":"\u10d3\u10d0\u10d8\u10ef\u10d4\u10e1\u10e2\u10d8 \u10d0\u10d6\u10d4\u10e0\u10d1\u10d0\u10d8\u10ef\u10d0\u10dc\u10e3\u10da \u10d4\u10dc\u10d0\u10d6\u10d4","datePublished":"2022-10-05T09:36:21+00:00","dateModified":"2022-10-06T09:37:31+00:00","mainEntityOfPage":{"@id":"https:\/\/knews.ge\/?p=77251"},"wordCount":1391,"publisher":{"@id":"https:\/\/knews.ge\/#organization"},"image":{"@id":"https:\/\/knews.ge\/?p=77251#primaryimage"},"thumbnailUrl":"https:\/\/knews.ge\/wp-content\/uploads\/ddddsssssss-2.png","articleSection":["\u10d0\u10ee\u10d0\u10da\u10d8 \u10d0\u10db\u10d1\u10d4\u10d1\u10d8","\u10de\u10dd\u10d3\u10d9\u10d0\u10e1\u10e2\u10d4\u10d1\u10d8"],"inLanguage":"ka-GE"},{"@type":"WebPage","@id":"https:\/\/knews.ge\/?p=77251","url":"https:\/\/knews.ge\/?p=77251","name":"\u10d3\u10d0\u10d8\u10ef\u10d4\u10e1\u10e2\u10d8 \u10d0\u10d6\u10d4\u10e0\u10d1\u10d0\u10d8\u10ef\u10d0\u10dc\u10e3\u10da \u10d4\u10dc\u10d0\u10d6\u10d4 | knews.ge","isPartOf":{"@id":"https:\/\/knews.ge\/#website"},"primaryImageOfPage":{"@id":"https:\/\/knews.ge\/?p=77251#primaryimage"},"image":{"@id":"https:\/\/knews.ge\/?p=77251#primaryimage"},"thumbnailUrl":"https:\/\/knews.ge\/wp-content\/uploads\/ddddsssssss-2.png","datePublished":"2022-10-05T09:36:21+00:00","dateModified":"2022-10-06T09:37:31+00:00","description":"\u0130ctimai m\u0259kt\u0259bl\u0259r\u00a0 m\u00fc\u0259lliml\u0259ri v\u0259 mandaturlar\u0131n maa\u015f\u0131 125-125 lari artacaqd\u0131r\u00a0 G\u00fcrc\u00fcstan Maliyy\u0259 Nazirinin, La\u015fa Xutsi\u015fvilinin m\u0259lumat\u0131na \u0259sas\u0259n, 2023-c\u00fc","breadcrumb":{"@id":"https:\/\/knews.ge\/?p=77251#breadcrumb"},"inLanguage":"ka-GE","potentialAction":[{"@type":"ReadAction","target":["https:\/\/knews.ge\/?p=77251"]}]},{"@type":"ImageObject","inLanguage":"ka-GE","@id":"https:\/\/knews.ge\/?p=77251#primaryimage","url":"https:\/\/knews.ge\/wp-content\/uploads\/ddddsssssss-2.png","contentUrl":"https:\/\/knews.ge\/wp-content\/uploads\/ddddsssssss-2.png","width":396,"height":441},{"@type":"BreadcrumbList","@id":"https:\/\/knews.ge\/?p=77251#breadcrumb","itemListElement":[{"@type":"ListItem","position":1,"name":"Home","item":"https:\/\/knews.ge\/"},{"@type":"ListItem","position":2,"name":"\u10d3\u10d0\u10d8\u10ef\u10d4\u10e1\u10e2\u10d8 \u10d0\u10d6\u10d4\u10e0\u10d1\u10d0\u10d8\u10ef\u10d0\u10dc\u10e3\u10da \u10d4\u10dc\u10d0\u10d6\u10d4"}]},{"@type":"WebSite","@id":"https:\/\/knews.ge\/#website","url":"https:\/\/knews.ge\/","name":"knews.ge","description":"\u10d9\u10d0\u10ee\u10d4\u10d7\u10d8\u10e1 \u10ee\u10db\u10d0 \u10d8\u10dc\u10e4\u10dd\u10e0\u10db\u10d0\u10ea\u10d8\u10d8\u10e1 \u10e1\u10d0\u10dc\u10d3\u10dd \u10ec\u10e7\u10d0\u10e0\u10dd \u10d7\u10d4\u10da\u10d0\u10d5\u10e8\u10d8 , \u10d2\u10e3\u10e0\u10ef\u10d0\u10d0\u10dc\u10e8\u10d8 \u10d3\u10d0 \u10d9\u10d0\u10ee\u10d4\u10d7\u10e8\u10d8","publisher":{"@id":"https:\/\/knews.ge\/#organization"},"potentialAction":[{"@type":"SearchAction","target":{"@type":"EntryPoint","urlTemplate":"https:\/\/knews.ge\/?s={search_term_string}"},"query-input":{"@type":"PropertyValueSpecification","valueRequired":true,"valueName":"search_term_string"}}],"inLanguage":"ka-GE"},{"@type":"Organization","@id":"https:\/\/knews.ge\/#organization","name":"Knews","url":"https:\/\/knews.ge\/","logo":{"@type":"ImageObject","inLanguage":"ka-GE","@id":"https:\/\/knews.ge\/#\/schema\/logo\/image\/","url":"https:\/\/knews.ge\/wp-content\/uploads\/knews-01-with-text.png","contentUrl":"https:\/\/knews.ge\/wp-content\/uploads\/knews-01-with-text.png","width":720,"height":924,"caption":"Knews"},"image":{"@id":"https:\/\/knews.ge\/#\/schema\/logo\/image\/"},"sameAs":["https:\/\/www.facebook.com\/kakhetiskhma","https:\/\/www.linkedin.com\/company\/\u10d9\u10d0\u10ee\u10d4\u10d7\u10d8\u10e1-\u10ee\u10db\u10d0-knews-ge","https:\/\/www.youtube.com\/channel\/UCzUfDfvQO5pccbG94Qu7h0Q\/featured"]},{"@type":"Person","@id":"https:\/\/knews.ge\/#\/schema\/person\/032b6bdb337c0ab614221caae17f9989","name":"maka khaziuri","image":{"@type":"ImageObject","inLanguage":"ka-GE","@id":"https:\/\/knews.ge\/#\/schema\/person\/image\/","url":"https:\/\/secure.gravatar.com\/avatar\/f2866087aa8a45074ee95005739687cc4053aa1740b1c399dea1c9d6126ccf46?s=96&d=mm&r=g","contentUrl":"https:\/\/secure.gravatar.com\/avatar\/f2866087aa8a45074ee95005739687cc4053aa1740b1c399dea1c9d6126ccf46?s=96&d=mm&r=g","caption":"maka khaziuri"},"url":"https:\/\/knews.ge\/?author=29"}]}},"_links":{"self":[{"href":"https:\/\/knews.ge\/index.php?rest_route=\/wp\/v2\/posts\/77251","targetHints":{"allow":["GET"]}}],"collection":[{"href":"https:\/\/knews.ge\/index.php?rest_route=\/wp\/v2\/posts"}],"about":[{"href":"https:\/\/knews.ge\/index.php?rest_route=\/wp\/v2\/types\/post"}],"author":[{"embeddable":true,"href":"https:\/\/knews.ge\/index.php?rest_route=\/wp\/v2\/users\/29"}],"replies":[{"embeddable":true,"href":"https:\/\/knews.ge\/index.php?rest_route=%2Fwp%2Fv2%2Fcomments&post=77251"}],"version-history":[{"count":3,"href":"https:\/\/knews.ge\/index.php?rest_route=\/wp\/v2\/posts\/77251\/revisions"}],"predecessor-version":[{"id":77254,"href":"https:\/\/knews.ge\/index.php?rest_route=\/wp\/v2\/posts\/77251\/revisions\/77254"}],"wp:featuredmedia":[{"embeddable":true,"href":"https:\/\/knews.ge\/index.php?rest_route=\/wp\/v2\/media\/72348"}],"wp:attachment":[{"href":"https:\/\/knews.ge\/index.php?rest_route=%2Fwp%2Fv2%2Fmedia&parent=77251"}],"wp:term":[{"taxonomy":"category","embeddable":true,"href":"https:\/\/knews.ge\/index.php?rest_route=%2Fwp%2Fv2%2Fcategories&post=77251"},{"taxonomy":"post_tag","embeddable":true,"href":"https:\/\/knews.ge\/index.php?rest_route=%2Fwp%2Fv2%2Ftags&post=77251"}],"curies":[{"name":"wp","href":"https:\/\/api.w.org\/{rel}","templated":true}]}}