{"id":55569,"date":"2020-09-29T16:14:43","date_gmt":"2020-09-29T12:14:43","guid":{"rendered":"https:\/\/knews.ge\/?p=55569"},"modified":"2020-11-05T16:15:52","modified_gmt":"2020-11-05T12:15:52","slug":"dovl%c9%99t-m%c9%99murlarina-v%c9%99-secicil%c9%99r%c9%99-guman-edil%c9%99n-t%c9%99zyiq-2","status":"publish","type":"post","link":"https:\/\/knews.ge\/?p=55569","title":{"rendered":"D\u00f6vl\u0259t m\u0259murlar\u0131na v\u0259 se\u00e7icil\u0259r\u0259 g\u00fcman edil\u0259n t\u0259zyiq"},"content":{"rendered":"<p><strong>\u201c\u018fdal\u0259tli se\u00e7kil\u0259r\u201d Kaxeti regionu munisipalitetind\u0259 se\u00e7ki\u00f6nc\u0259si se\u00e7icil\u0259r\u0259 t\u0259sir v\u0259 siyasi ni\u015fanla qar\u015f\u0131durma faktlar\u0131na dair hesabat d\u0259rc etdi. <\/strong><\/p>\n<p><strong>\u00dc\u00e7\u00fcnc\u00fc sektor yerli hakimiyy\u0259t n\u00fcmay\u0259nd\u0259l\u0259ri t\u0259r\u0259find\u0259n d\u00f6vl\u0259t m\u0259murlar\u0131na u\u015faq ba\u011f\u00e7alar\u0131 v\u0259 m\u0259kt\u0259bl\u0259rin \u0259m\u0259kda\u015flar\u0131na, el\u0259c\u0259 d\u0259 dig\u0259r se\u00e7icil\u0259r\u0259, g\u00fcman edil\u0259n t\u0259sir v\u0259 t\u0259zyiq etm\u0259 faktlar\u0131n\u0131 qeyd edir. Orta hesabata Qurcaani, Si\u011fna\u011fi v\u0259 Saqareco munisipalitetl\u0259rind\u0259 qeyd\u0259 al\u0131nan t\u0259zyiq v\u0259 pozuntular d\u00fc\u015f\u00fcb. <\/strong><\/p>\n<p><strong>\u00a0<\/strong><strong>T\u0259\u015fkilat\u0131n hesabat\u0131na h\u0259m\u00e7inin Vejini u\u015faq ba\u011f\u00e7as\u0131n\u0131n direktoru, Tamar Siba\u015fvilinin g\u00fcman edil\u0259n siyasi ni\u015fana \u0259sas\u0259n i\u015fd\u0259n azad edilm\u0259si fakti da qeyd edilib. Bu m\u0259s\u0259l\u0259y\u0259 dair \u201cKaxetinin s\u0259si\u201d geni\u015f m\u0259qal\u0259 haz\u0131rlam\u0131\u015fd\u0131. <\/strong><\/p>\n<p><strong>Se\u00e7icil\u0259rin ist\u0259yin\u0259 bel\u0259 k\u00fctl\u0259vi t\u0259sir haqq\u0131nda m\u00fcxalif\u0259t d\u0259 dan\u0131\u015f\u0131r. \u201cMilli h\u0259r\u0259kat\u201d \u00fczv\u00fc Temur Bucashvili bildirir ki, Qurcaanid\u0259 \u201cG\u00fcrc\u00fc Arzusu\u201d n\u00fcmay\u0259nd\u0259l\u0259ri m\u00fc\u0259lliml\u0259r\u0259, onlar\u0131n ail\u0259 \u00fczvl\u0259ri il\u0259 birg\u0259\u00a0 s\u0259s verm\u0259yi tap\u015f\u0131r\u0131rlar. <\/strong><\/p>\n<p><strong>\u201c\u0130kinci tur \u00fc\u00e7\u00fcn m\u00fc\u0259lliml\u0259r\u0259 g\u00f6r\u00fclm\u0259y\u0259n t\u0259zyiq edilir. M\u0259kt\u0259b v\u0259 u\u015faq ba\u011f\u00e7as\u0131n\u0131n m\u00fc\u0259lliml\u0259rini \u00e7a\u011f\u0131r\u0131rlar v\u0259 a\u00e7\u0131q \u015f\u0259kild\u0259 xahi\u015f edirl\u0259r ki,\u00a0 s\u0259s versinl\u0259r. Onlar\u0131n ail\u0259l\u0259rin\u0259 d\u0259 t\u0259zyiq g\u00f6st\u0259rilir. M\u00fc\u0259lliml\u0259r\u0259 deyirl\u0259r ki, ail\u0259 \u00fczvl\u0259rini se\u00e7kil\u0259r\u0259 g\u0259tirsinl\u0259r v\u0259 onlar\u0131n namiz\u0259din\u0259 s\u0259s versinl\u0259r\u201d \u2013 bildirir knews.ge- il\u0259 s\u00f6hb\u0259td\u0259 Temur Buca\u015fvili.<\/strong><\/p>\n<p><strong>\u00a0<\/strong><\/p>\n<p><strong>Se\u00e7ki\u00f6nc\u0259si m\u00fcdd\u0259td\u0259 t\u0259zyiq faktlar\u0131 haqq\u0131nda se\u00e7icil\u0259r d\u0259 dan\u0131\u015f\u0131rlar. Onlar bildirirl\u0259r ki, \u201cG\u00fcrc\u00fc Arzusu\u201d aqitasiya\u00e7\u0131lar\u0131 onlar\u0131n evl\u0259rin\u0259 g\u0259lirl\u0259r v\u0259\u00a0 d\u0259st\u0259k olma\u011fa m\u0259cbur edirl\u0259r. <\/strong><\/p>\n<p><strong>\u201cSe\u00e7kil\u0259rin birinci turuna q\u0259d\u0259r d\u0259 iqtidar partiyas\u0131n\u0131n aqitasiya\u00e7\u0131lar\u0131 g\u0259lirdil\u0259r v\u0259\u00a0 s\u0259s verm\u0259mizi ist\u0259yirdil\u0259r. Yoxsa ba\u015fqa namiz\u0259din qalib g\u0259ldiyi t\u0259qdird\u0259 pis gund\u0259 olacaqd\u0131q. \u0130kinci tura q\u0259d\u0259r olan m\u00fcd\u0259td\u0259 d\u0259 ox\u015far faktlar olur. G\u0259lirl\u0259r soru\u015furlar kim\u0259 s\u0259s veririk. Deyirl\u0259r ki,\u00a0 s\u0259s ver\u0259k\u201d &#8211; deyir knews.ge-y\u0259 ad\u0131n\u0131 dem\u0259k ist\u0259m\u0259y\u0259n Si\u011fna\u011fi sakini. <\/strong><\/p>\n<p><strong>\u00a0<\/strong><\/p>\n<p><strong>Yerli \u00f6z\u00fcn\u00fcidar\u0259 etm\u0259 t\u0259r\u0259find\u0259n d\u00f6vl\u0259t m\u0259murlar\u0131na, m\u00fc\u0259lliml\u0259r\u0259, u\u015faq ba\u011f\u00e7as\u0131 \u0259m\u0259kda\u015flar\u0131na v\u0259 v\u0259t\u0259nda\u015flara t\u0259zyiq faktlar\u0131n\u0131 Si\u011fna\u011fi munisipalitetinin vitse-meri istisna edir. Madonna Batia\u015fvili yay\u0131lan m\u0259lumat\u0131 yalan adland\u0131r\u0131r v\u0259 meriyan\u0131n diskreditasiyas\u0131 c\u0259hdi kimi qiym\u0259tl\u0259ndirir. <\/strong><\/p>\n<p><strong>\u201cD\u00f6vl\u0259t m\u0259murlar\u0131 t\u0259r\u0259find\u0259n se\u00e7ki kampaniyas\u0131na h\u0259r hans\u0131 bir qo\u015fulma, x\u00fcsusi il\u0259 d\u0259 qorxutma absurddur. \u018fg\u0259r kims\u0259\u00a0 d\u0259st\u0259kl\u0259yirs\u0259 v\u0259 ona s\u0259s verirs\u0259 ona kims\u0259, n\u0259yis\u0259 qada\u011fan ed\u0259 bilm\u0259s. \u00d6z\u00fcn\u00fcidar\u0259nin d\u00f6vl\u0259t m\u0259murlar\u0131na, d\u00f6vl\u0259t i\u015find\u0259 i\u015fl\u0259y\u0259nl\u0259r\u0259, m\u00fc\u0259lliml\u0259r\u0259 t\u0259zyiq g\u00f6st\u0259rm\u0259si m\u0259s\u0259l\u0259si h\u0259qiq\u0259t deyil. Biz bu prosesl\u0259r\u0259 qar\u0131\u015fm\u0131r\u0131q v\u0259 buna h\u00fcququmuz da yoxdur \u201d \u2013<\/strong><\/p>\n<p><strong>\u00a0<\/strong><\/p>\n<p>&nbsp;<\/p>\n","protected":false},"excerpt":{"rendered":"<p>\u201c\u018fdal\u0259tli se\u00e7kil\u0259r\u201d Kaxeti regionu munisipalitetind\u0259 se\u00e7ki\u00f6nc\u0259si se\u00e7icil\u0259r\u0259 t\u0259sir v\u0259 siyasi ni\u015fanla qar\u015f\u0131durma faktlar\u0131na dair hesabat d\u0259rc etdi. \u00dc\u00e7\u00fcnc\u00fc sektor yerli<\/p>\n","protected":false},"author":30,"featured_media":55391,"comment_status":"open","ping_status":"open","sticky":false,"template":"","format":"standard","meta":{"colormag_page_layout":"default_layout","_monsterinsights_skip_tracking":false,"_monsterinsights_sitenote_active":false,"_monsterinsights_sitenote_note":"","_monsterinsights_sitenote_category":0,"footnotes":""},"categories":[1491],"tags":[],"class_list":["post-55569","post","type-post","status-publish","format-standard","has-post-thumbnail","hentry","category-1491"],"yoast_head":"<!-- This site is optimized with the Yoast SEO plugin v26.1.1 - https:\/\/yoast.com\/wordpress\/plugins\/seo\/ -->\n<title>D\u00f6vl\u0259t m\u0259murlar\u0131na v\u0259 se\u00e7icil\u0259r\u0259 g\u00fcman edil\u0259n t\u0259zyiq | knews.ge<\/title>\n<meta name=\"description\" content=\"\u201c\u018fdal\u0259tli se\u00e7kil\u0259r\u201d Kaxeti regionu munisipalitetind\u0259 se\u00e7ki\u00f6nc\u0259si se\u00e7icil\u0259r\u0259 t\u0259sir v\u0259 siyasi ni\u015fanla qar\u015f\u0131durma faktlar\u0131na dair hesabat d\u0259rc etdi. \u00dc\u00e7\u00fcnc\u00fc\" \/>\n<meta name=\"robots\" content=\"index, follow, max-snippet:-1, max-image-preview:large, max-video-preview:-1\" \/>\n<link rel=\"canonical\" href=\"https:\/\/knews.ge\/?p=55569\" \/>\n<meta property=\"og:locale\" content=\"ka_GE\" \/>\n<meta property=\"og:type\" content=\"article\" \/>\n<meta property=\"og:title\" content=\"D\u00f6vl\u0259t m\u0259murlar\u0131na v\u0259 se\u00e7icil\u0259r\u0259 g\u00fcman edil\u0259n t\u0259zyiq | knews.ge\" \/>\n<meta property=\"og:description\" content=\"\u201c\u018fdal\u0259tli se\u00e7kil\u0259r\u201d Kaxeti regionu munisipalitetind\u0259 se\u00e7ki\u00f6nc\u0259si se\u00e7icil\u0259r\u0259 t\u0259sir v\u0259 siyasi ni\u015fanla qar\u015f\u0131durma faktlar\u0131na dair hesabat d\u0259rc etdi. \u00dc\u00e7\u00fcnc\u00fc\" \/>\n<meta property=\"og:url\" content=\"https:\/\/knews.ge\/?p=55569\" \/>\n<meta property=\"og:site_name\" content=\"knews.ge\" \/>\n<meta property=\"article:publisher\" content=\"https:\/\/www.facebook.com\/kakhetiskhma\" \/>\n<meta property=\"article:published_time\" content=\"2020-09-29T12:14:43+00:00\" \/>\n<meta property=\"article:modified_time\" content=\"2020-11-05T12:15:52+00:00\" \/>\n<meta property=\"og:image\" content=\"https:\/\/knews.ge\/wp-content\/uploads\/e93350fa1cb44d6dbb61de4c6c076c48_XL.jpg\" \/>\n\t<meta property=\"og:image:width\" content=\"850\" \/>\n\t<meta property=\"og:image:height\" content=\"565\" \/>\n\t<meta property=\"og:image:type\" content=\"image\/jpeg\" \/>\n<meta name=\"author\" content=\"\u10db\u10d0\u10d8\u10d0 \u10db\u10d0\u10db\u10e3\u10da\u10d0\u10e8\u10d5\u10d8\u10da\u10d8\" \/>\n<meta name=\"twitter:card\" content=\"summary_large_image\" \/>\n<meta name=\"twitter:label1\" content=\"Written by\" \/>\n\t<meta name=\"twitter:data1\" content=\"\u10db\u10d0\u10d8\u10d0 \u10db\u10d0\u10db\u10e3\u10da\u10d0\u10e8\u10d5\u10d8\u10da\u10d8\" \/>\n\t<meta name=\"twitter:label2\" content=\"Est. reading time\" \/>\n\t<meta name=\"twitter:data2\" content=\"3 \u10ec\u10e3\u10d7\u10d8\" \/>\n<!-- \/ Yoast SEO plugin. -->","yoast_head_json":{"title":"D\u00f6vl\u0259t m\u0259murlar\u0131na v\u0259 se\u00e7icil\u0259r\u0259 g\u00fcman edil\u0259n t\u0259zyiq | knews.ge","description":"\u201c\u018fdal\u0259tli se\u00e7kil\u0259r\u201d Kaxeti regionu munisipalitetind\u0259 se\u00e7ki\u00f6nc\u0259si se\u00e7icil\u0259r\u0259 t\u0259sir v\u0259 siyasi ni\u015fanla qar\u015f\u0131durma faktlar\u0131na dair hesabat d\u0259rc etdi. \u00dc\u00e7\u00fcnc\u00fc","robots":{"index":"index","follow":"follow","max-snippet":"max-snippet:-1","max-image-preview":"max-image-preview:large","max-video-preview":"max-video-preview:-1"},"canonical":"https:\/\/knews.ge\/?p=55569","og_locale":"ka_GE","og_type":"article","og_title":"D\u00f6vl\u0259t m\u0259murlar\u0131na v\u0259 se\u00e7icil\u0259r\u0259 g\u00fcman edil\u0259n t\u0259zyiq | knews.ge","og_description":"\u201c\u018fdal\u0259tli se\u00e7kil\u0259r\u201d Kaxeti regionu munisipalitetind\u0259 se\u00e7ki\u00f6nc\u0259si se\u00e7icil\u0259r\u0259 t\u0259sir v\u0259 siyasi ni\u015fanla qar\u015f\u0131durma faktlar\u0131na dair hesabat d\u0259rc etdi. \u00dc\u00e7\u00fcnc\u00fc","og_url":"https:\/\/knews.ge\/?p=55569","og_site_name":"knews.ge","article_publisher":"https:\/\/www.facebook.com\/kakhetiskhma","article_published_time":"2020-09-29T12:14:43+00:00","article_modified_time":"2020-11-05T12:15:52+00:00","og_image":[{"width":850,"height":565,"url":"https:\/\/knews.ge\/wp-content\/uploads\/e93350fa1cb44d6dbb61de4c6c076c48_XL.jpg","type":"image\/jpeg"}],"author":"\u10db\u10d0\u10d8\u10d0 \u10db\u10d0\u10db\u10e3\u10da\u10d0\u10e8\u10d5\u10d8\u10da\u10d8","twitter_card":"summary_large_image","twitter_misc":{"Written by":"\u10db\u10d0\u10d8\u10d0 \u10db\u10d0\u10db\u10e3\u10da\u10d0\u10e8\u10d5\u10d8\u10da\u10d8","Est. reading time":"3 \u10ec\u10e3\u10d7\u10d8"},"schema":{"@context":"https:\/\/schema.org","@graph":[{"@type":"NewsArticle","@id":"https:\/\/knews.ge\/?p=55569#article","isPartOf":{"@id":"https:\/\/knews.ge\/?p=55569"},"author":{"name":"\u10db\u10d0\u10d8\u10d0 \u10db\u10d0\u10db\u10e3\u10da\u10d0\u10e8\u10d5\u10d8\u10da\u10d8","@id":"https:\/\/knews.ge\/#\/schema\/person\/dbbab81661b0505b5a4605cb231463e3"},"headline":"D\u00f6vl\u0259t m\u0259murlar\u0131na v\u0259 se\u00e7icil\u0259r\u0259 g\u00fcman edil\u0259n t\u0259zyiq","datePublished":"2020-09-29T12:14:43+00:00","dateModified":"2020-11-05T12:15:52+00:00","mainEntityOfPage":{"@id":"https:\/\/knews.ge\/?p=55569"},"wordCount":605,"commentCount":0,"publisher":{"@id":"https:\/\/knews.ge\/#organization"},"image":{"@id":"https:\/\/knews.ge\/?p=55569#primaryimage"},"thumbnailUrl":"https:\/\/knews.ge\/wp-content\/uploads\/e93350fa1cb44d6dbb61de4c6c076c48_XL.jpg","articleSection":["\u10d0\u10e0\u10e9\u10d4\u10d5\u10dc\u10d4\u10d1\u10d8 2020"],"inLanguage":"ka-GE","potentialAction":[{"@type":"CommentAction","name":"Comment","target":["https:\/\/knews.ge\/?p=55569#respond"]}]},{"@type":"WebPage","@id":"https:\/\/knews.ge\/?p=55569","url":"https:\/\/knews.ge\/?p=55569","name":"D\u00f6vl\u0259t m\u0259murlar\u0131na v\u0259 se\u00e7icil\u0259r\u0259 g\u00fcman edil\u0259n t\u0259zyiq | knews.ge","isPartOf":{"@id":"https:\/\/knews.ge\/#website"},"primaryImageOfPage":{"@id":"https:\/\/knews.ge\/?p=55569#primaryimage"},"image":{"@id":"https:\/\/knews.ge\/?p=55569#primaryimage"},"thumbnailUrl":"https:\/\/knews.ge\/wp-content\/uploads\/e93350fa1cb44d6dbb61de4c6c076c48_XL.jpg","datePublished":"2020-09-29T12:14:43+00:00","dateModified":"2020-11-05T12:15:52+00:00","description":"\u201c\u018fdal\u0259tli se\u00e7kil\u0259r\u201d Kaxeti regionu munisipalitetind\u0259 se\u00e7ki\u00f6nc\u0259si se\u00e7icil\u0259r\u0259 t\u0259sir v\u0259 siyasi ni\u015fanla qar\u015f\u0131durma faktlar\u0131na dair hesabat d\u0259rc etdi. \u00dc\u00e7\u00fcnc\u00fc","breadcrumb":{"@id":"https:\/\/knews.ge\/?p=55569#breadcrumb"},"inLanguage":"ka-GE","potentialAction":[{"@type":"ReadAction","target":["https:\/\/knews.ge\/?p=55569"]}]},{"@type":"ImageObject","inLanguage":"ka-GE","@id":"https:\/\/knews.ge\/?p=55569#primaryimage","url":"https:\/\/knews.ge\/wp-content\/uploads\/e93350fa1cb44d6dbb61de4c6c076c48_XL.jpg","contentUrl":"https:\/\/knews.ge\/wp-content\/uploads\/e93350fa1cb44d6dbb61de4c6c076c48_XL.jpg","width":850,"height":565},{"@type":"BreadcrumbList","@id":"https:\/\/knews.ge\/?p=55569#breadcrumb","itemListElement":[{"@type":"ListItem","position":1,"name":"Home","item":"https:\/\/knews.ge\/"},{"@type":"ListItem","position":2,"name":"D\u00f6vl\u0259t m\u0259murlar\u0131na v\u0259 se\u00e7icil\u0259r\u0259 g\u00fcman edil\u0259n t\u0259zyiq"}]},{"@type":"WebSite","@id":"https:\/\/knews.ge\/#website","url":"https:\/\/knews.ge\/","name":"knews.ge","description":"\u10d9\u10d0\u10ee\u10d4\u10d7\u10d8\u10e1 \u10ee\u10db\u10d0 \u10d8\u10dc\u10e4\u10dd\u10e0\u10db\u10d0\u10ea\u10d8\u10d8\u10e1 \u10e1\u10d0\u10dc\u10d3\u10dd \u10ec\u10e7\u10d0\u10e0\u10dd \u10d7\u10d4\u10da\u10d0\u10d5\u10e8\u10d8 , \u10d2\u10e3\u10e0\u10ef\u10d0\u10d0\u10dc\u10e8\u10d8 \u10d3\u10d0 \u10d9\u10d0\u10ee\u10d4\u10d7\u10e8\u10d8","publisher":{"@id":"https:\/\/knews.ge\/#organization"},"potentialAction":[{"@type":"SearchAction","target":{"@type":"EntryPoint","urlTemplate":"https:\/\/knews.ge\/?s={search_term_string}"},"query-input":{"@type":"PropertyValueSpecification","valueRequired":true,"valueName":"search_term_string"}}],"inLanguage":"ka-GE"},{"@type":"Organization","@id":"https:\/\/knews.ge\/#organization","name":"Knews","url":"https:\/\/knews.ge\/","logo":{"@type":"ImageObject","inLanguage":"ka-GE","@id":"https:\/\/knews.ge\/#\/schema\/logo\/image\/","url":"https:\/\/knews.ge\/wp-content\/uploads\/knews-01-with-text.png","contentUrl":"https:\/\/knews.ge\/wp-content\/uploads\/knews-01-with-text.png","width":720,"height":924,"caption":"Knews"},"image":{"@id":"https:\/\/knews.ge\/#\/schema\/logo\/image\/"},"sameAs":["https:\/\/www.facebook.com\/kakhetiskhma","https:\/\/www.linkedin.com\/company\/\u10d9\u10d0\u10ee\u10d4\u10d7\u10d8\u10e1-\u10ee\u10db\u10d0-knews-ge","https:\/\/www.youtube.com\/channel\/UCzUfDfvQO5pccbG94Qu7h0Q\/featured"]},{"@type":"Person","@id":"https:\/\/knews.ge\/#\/schema\/person\/dbbab81661b0505b5a4605cb231463e3","name":"\u10db\u10d0\u10d8\u10d0 \u10db\u10d0\u10db\u10e3\u10da\u10d0\u10e8\u10d5\u10d8\u10da\u10d8","image":{"@type":"ImageObject","inLanguage":"ka-GE","@id":"https:\/\/knews.ge\/#\/schema\/person\/image\/","url":"https:\/\/secure.gravatar.com\/avatar\/24cb56a89590357a0c96c58fcd87bcbc7f4b49c5915af388bd57b6396c3203f1?s=96&d=mm&r=g","contentUrl":"https:\/\/secure.gravatar.com\/avatar\/24cb56a89590357a0c96c58fcd87bcbc7f4b49c5915af388bd57b6396c3203f1?s=96&d=mm&r=g","caption":"\u10db\u10d0\u10d8\u10d0 \u10db\u10d0\u10db\u10e3\u10da\u10d0\u10e8\u10d5\u10d8\u10da\u10d8"},"url":"https:\/\/knews.ge\/?author=30"}]}},"_links":{"self":[{"href":"https:\/\/knews.ge\/index.php?rest_route=\/wp\/v2\/posts\/55569","targetHints":{"allow":["GET"]}}],"collection":[{"href":"https:\/\/knews.ge\/index.php?rest_route=\/wp\/v2\/posts"}],"about":[{"href":"https:\/\/knews.ge\/index.php?rest_route=\/wp\/v2\/types\/post"}],"author":[{"embeddable":true,"href":"https:\/\/knews.ge\/index.php?rest_route=\/wp\/v2\/users\/30"}],"replies":[{"embeddable":true,"href":"https:\/\/knews.ge\/index.php?rest_route=%2Fwp%2Fv2%2Fcomments&post=55569"}],"version-history":[{"count":1,"href":"https:\/\/knews.ge\/index.php?rest_route=\/wp\/v2\/posts\/55569\/revisions"}],"predecessor-version":[{"id":55570,"href":"https:\/\/knews.ge\/index.php?rest_route=\/wp\/v2\/posts\/55569\/revisions\/55570"}],"wp:featuredmedia":[{"embeddable":true,"href":"https:\/\/knews.ge\/index.php?rest_route=\/wp\/v2\/media\/55391"}],"wp:attachment":[{"href":"https:\/\/knews.ge\/index.php?rest_route=%2Fwp%2Fv2%2Fmedia&parent=55569"}],"wp:term":[{"taxonomy":"category","embeddable":true,"href":"https:\/\/knews.ge\/index.php?rest_route=%2Fwp%2Fv2%2Fcategories&post=55569"},{"taxonomy":"post_tag","embeddable":true,"href":"https:\/\/knews.ge\/index.php?rest_route=%2Fwp%2Fv2%2Ftags&post=55569"}],"curies":[{"name":"wp","href":"https:\/\/api.w.org\/{rel}","templated":true}]}}