{"id":55566,"date":"2020-09-30T16:11:44","date_gmt":"2020-09-30T12:11:44","guid":{"rendered":"https:\/\/knews.ge\/?p=55566"},"modified":"2020-11-05T16:13:51","modified_gmt":"2020-11-05T12:13:51","slug":"ikinci-turdan-%c9%99vv%c9%99l-qeyri-b%c9%99rab%c9%99r-secki-muhiti-2","status":"publish","type":"post","link":"https:\/\/knews.ge\/?p=55566","title":{"rendered":"\u0130kinci turdan \u0259vv\u0259l qeyri-b\u0259rab\u0259r se\u00e7ki m\u00fchiti"},"content":{"rendered":"<p><strong>Qeyri-h\u00f6kum\u0259t t\u0259\u015fkilatlar\u0131n\u0131n n\u00fcmay\u0259nd\u0259l\u0259ri prezident se\u00e7kil\u0259rinin ikinci turundan \u0259vv\u0259l yaranan qeyri-b\u0259rab\u0259r se\u00e7ki m\u00fchiti haqq\u0131nda dan\u0131\u015f\u0131rlar. \u00dc\u00e7\u00fcnc\u00fc sektorda bildirirl\u0259r ki, iqtidar t\u0259r\u0259find\u0259n d\u0259st\u0259kl\u0259n\u0259n namiz\u0259din qalib g\u0259lm\u0259si \u00fc\u00e7\u00fcn h\u0259r yerd\u0259 resursdan istifad\u0259 edirl\u0259r v\u0259 bu faktor m\u00fcxalif\u0259t partiyas\u0131n\u0131n prezidentliy\u0259 namiz\u0259dini qeyri-b\u0259rab\u0259r \u015f\u0259rait\u0259 sal\u0131r. <\/strong><\/p>\n<p><strong>\u201c\u018fdal\u0259tli se\u00e7kil\u0259r\u201d d\u0259rc olunan hesabatda hakimiyy\u0259t t\u0259r\u0259find\u0259n inzibati resurslar\u0131n istifad\u0259 olunmas\u0131na dair m\u0259lumat verir. T\u0259\u015fkilat iqtidar partiyas\u0131n\u0131 se\u00e7ki m\u00fcdd\u0259tind\u0259 ox\u015far t\u0259\u015f\u0259bb\u00fcsl\u0259ri anons etm\u0259kd\u0259n \u00e7\u0259kinm\u0259y\u0259 \u00e7a\u011f\u0131r\u0131r. <\/strong><\/p>\n<p><strong>\u201cSe\u00e7kil\u0259rin birinci turuna q\u0259d\u0259r bilinm\u0259y\u0259n\u00a0 yeni layih\u0259l\u0259r\u0259 dair v\u0259dl\u0259r var. El\u0259 bir hiss yaran\u0131r ki, hakimiyy\u0259td\u0259 olan, \u0259li h\u0259r bir inzibati resursa \u00e7atan\u00a0 \u201cG\u00fcrc\u00fc arzusu\u201d partiyas\u0131 onun t\u0259r\u0259find\u0259n d\u0259st\u0259kl\u0259n\u0259n namiz\u0259din qalib g\u0259lm\u0259si \u015fans\u0131n\u0131 maliyy\u0259 v\u0259 icra inzibati resurslar\u0131 istifad\u0259 etm\u0259kl\u0259 art\u0131rmaq ist\u0259yir. Bu halda\u00a0 azad namiz\u0259d statusu il\u0259 qeydiyyatdan ke\u00e7m\u0259si sad\u0259c\u0259 formal xasiyy\u0259t da\u015f\u0131y\u0131r. \u0130qtidar partiyas\u0131 v\u0259 Zurabi\u015fvilinin se\u00e7ki kampaniyas\u0131 aras\u0131nda s\u0259rh\u0259t faktiki olaraq m\u00f6vcud deyil. \u0130qtidar partiyas\u0131n\u0131n se\u00e7ki m\u00fcdd\u0259tind\u0259 yeni b\u00f6y\u00fck miqyasl\u0131 t\u0259\u015f\u0259bb\u00fcsl\u0259ri, sosial v\u0259 infrastruktur layih\u0259l\u0259rinin anonsla\u015fd\u0131r\u0131lmas\u0131ndan boyun qa\u00e7\u0131rma\u011fa \u00e7a\u011f\u0131r\u0131r\u0131q. AT\u018fT-in Kophenhagen s\u0259n\u0259din\u0259 riayy\u0259t etsinl\u0259r el\u0259c\u0259 d\u0259, d\u00f6vl\u0259t v\u0259 iqtidar partiyas\u0131n\u0131n se\u00e7ki aktivl\u0259rini bir-birind\u0259n k\u0259skin \u015f\u0259kild\u0259 ay\u0131rs\u0131nlar\u201d<\/strong><\/p>\n<p><strong>Yaranan qeyri-b\u0259rab\u0259r se\u00e7ki m\u00fchiti m\u0259s\u0259l\u0259sin\u0259 politoloqlar da diqq\u0259t yerirl\u0259r. M\u00fct\u0259x\u0259ssisl\u0259r izah edirl\u0259r ki, b\u00f6y\u00fck miqdarda maliyy\u0259nin x\u0259rcl\u0259nm\u0259si v\u0259 namiz\u0259dl\u0259rin imicini z\u0259d\u0259l\u0259y\u0259n se\u00e7ki \u00f6nc\u0259si kampaniya se\u00e7icini \u00e7a\u015fd\u0131r\u0131r v\u0259 onlar se\u00e7kil\u0259rd\u0259 i\u015ftirak etm\u0259k ist\u0259yini itirirl\u0259r. <\/strong><\/p>\n<p><strong>\u201cSe\u00e7kil\u0259rin birinci turundan \u0259vv\u0259l d\u0259 v\u0259 ikinci tura q\u0259d\u0259r d\u0259 b\u00f6y\u00fck maliyy\u0259 resursu x\u0259rcl\u0259nir. O q\u0259d\u0259r aqitasiya t\u0259rkibli material yap\u0131\u015fd\u0131r\u0131l\u0131r ki, art\u0131q bir-birinin \u00fcz\u0259rin\u0259 yap\u0131\u015fd\u0131r\u0131l\u0131b. \u0130qtidar partiyas\u0131n\u0131n d\u0259st\u0259kl\u0259diyi, namiz\u0259din daha \u00e7ox imkanlar\u0131 var v\u0259 daha \u00e7ox resurslardan istifad\u0259 ed\u0259 bil\u0259r. \u00dcmumiyy\u0259tl\u0259 is\u0259 \u201ckirli\u201d se\u00e7ki\u00f6nc\u0259si kampaniya gedir. Bir-biril\u0259ri haqq\u0131nda \u015fay\u0259l\u0259rin yay\u0131lmas\u0131, v\u0259 ri\u015fx\u0259nd se\u00e7icil\u0259ri qorxudur v\u0259 onlar se\u00e7kil\u0259rd\u0259 i\u015ftirak ist\u0259yini itirirl\u0259r\u201d \u2013 bildirirl\u0259r politoloqlar. <\/strong><\/p>\n<p><strong>Analitik Qia Xuxa\u015fvili d\u00fc\u015f\u00fcn\u00fcr ki, 600 min v\u0259t\u0259nda\u015f\u0131n\u00a0 kredit borclar\u0131n\u0131n \u00f6d\u0259nm\u0259si haqq\u0131nda se\u00e7ki\u00f6nc\u0259si s\u0259sl\u0259n\u0259n v\u0259din m\u0259qs\u0259di iqtidar partiyas\u0131 t\u0259r\u0259find\u0259n d\u0259st\u0259kl\u0259n\u0259n namiz\u0259din q\u0259l\u0259b\u0259 \u00e7almas\u0131d\u0131r. Xuxa\u015fvili h\u00f6kum\u0259tin t\u0259\u015f\u0259bb\u00fcs\u00fcn\u00fcn t\u0259hl\u00fck\u0259l\u0259ri haqq\u0131nda dan\u0131\u015f\u0131r. O, hesab edir ki, qeyd edil\u0259n v\u0259d c\u0259miyy\u0259td\u0259 d\u00fczg\u00fcn olmayan g\u00f6zl\u0259ml\u0259r yaradacaq, cavabdehsizlik hissini h\u0259v\u0259sl\u0259ndir\u0259c\u0259k v\u0259 \u0259ks reaksiyaya s\u0259b\u0259b olacaq. Bu is\u0259 qara siyah\u0131 adland\u0131r\u0131lan siyah\u0131n\u0131 daha da b\u00f6y\u00fcd\u0259c\u0259k. <\/strong><\/p>\n<p><strong>\u201cXeyriyy\u0259 i\u015fi siyas\u0259tin hiss\u0259si oldu\u011fu zaman bu c\u0259miyy\u0259td\u0259 sa\u011flam hiss yaratm\u0131r v\u0259 cavabdehsizlik hissi oyad\u0131r\u201d \u2013 bildirir Xuxa\u015fvili. <\/strong><\/p>\n<p><strong>\u0130qtidar partiyas\u0131nda is\u0259 bildirirl\u0259r ki, borclar\u0131n \u00f6d\u0259nilm\u0259si t\u0259\u015f\u0259bb\u00fcs\u00fc secki\u00f6nc\u0259si t\u0259dbir deyil v\u0259 Mamuka Baxtadze kredit borclar\u0131n\u0131n \u00f6d\u0259nilm\u0259sini cari ilin avqust ay\u0131nda maliyy\u0259 naziri oldu\u011fu zaman anons etmi\u015fdi. \u00d6lk\u0259nin birinci maliyy\u0259\u00e7isi \u0130vane Macavariani is\u0259 izah edir ki, borclar\u0131n \u00f6d\u0259nilm\u0259si t\u0259\u015f\u0259bb\u00fcs\u00fc bird\u0259f\u0259lik t\u0259dbirdir. G\u0259l\u0259c\u0259kd\u0259 \u201coyun qaydalar\u0131\u201d is\u0259 bel\u0259 kreditl\u0259\u015fm\u0259ni v\u0259 \u201cbu miqdarda borclanman\u0131\u201d istisna edir. <\/strong><\/p>\n<p><strong>Hakimiyy\u0259t t\u0259r\u0259find\u0259n inzibati resursun istifad\u0259sin\u0259 dair se\u00e7icil\u0259rin bir hiss\u0259si d\u0259 s\u00f6z edir. Qurcaanid\u0259 ya\u015fayan Lili Qela\u015fvili bildirir ki, iqtidar partiyas\u0131 t\u0259r\u0259find\u0259n son d\u00f6vrl\u0259rd\u0259 s\u0259sl\u0259ndiril\u0259n t\u0259\u015f\u0259bb\u00fcsl\u0259r v\u0259t\u0259nda\u015flar\u0131n d\u0259st\u0259yini qazanmaq m\u0259qs\u0259dini g\u00fcd\u00fcr. <\/strong><\/p>\n<p><strong>\u201cBiz\u0259, d\u0259qiq \u015f\u0259kild\u0259 qalib g\u0259ldikd\u0259n sonra\u00a0 n\u0259yi planla\u015fd\u0131rd\u0131qlar\u0131n\u0131, hans\u0131 t\u0259\u015f\u0259bb\u00fcsl\u0259r ir\u0259li s\u00fcr\u0259c\u0259kl\u0259rini, probleml\u0259rin h\u0259llin\u0259 dair hans\u0131 bax\u0131\u015flar\u0131 oldu\u011funu dem\u0259k \u0259v\u0259zin\u0259, bir-biri il\u0259 m\u00fcbariz\u0259 apar\u0131rlar, bir-birini s\u00f6y\u00fcrl\u0259r, b\u0259hs\u0259 dururlar kim daha \u00e7ox pul x\u0259rcl\u0259y\u0259c\u0259k, kim daha \u00e7ox plakat yap\u0131\u015fd\u0131racaq\u201d \u2013 deyir Lili Qela\u015fvili\u201d <\/strong><\/p>\n<p>&nbsp;<\/p>\n","protected":false},"excerpt":{"rendered":"<p>Qeyri-h\u00f6kum\u0259t t\u0259\u015fkilatlar\u0131n\u0131n n\u00fcmay\u0259nd\u0259l\u0259ri prezident se\u00e7kil\u0259rinin ikinci turundan \u0259vv\u0259l yaranan qeyri-b\u0259rab\u0259r se\u00e7ki m\u00fchiti haqq\u0131nda dan\u0131\u015f\u0131rlar. \u00dc\u00e7\u00fcnc\u00fc sektorda bildirirl\u0259r ki, iqtidar t\u0259r\u0259find\u0259n<\/p>\n","protected":false},"author":30,"featured_media":55567,"comment_status":"open","ping_status":"open","sticky":false,"template":"","format":"standard","meta":{"colormag_page_layout":"default_layout","_monsterinsights_skip_tracking":false,"_monsterinsights_sitenote_active":false,"_monsterinsights_sitenote_note":"","_monsterinsights_sitenote_category":0,"footnotes":""},"categories":[1491],"tags":[],"class_list":["post-55566","post","type-post","status-publish","format-standard","has-post-thumbnail","hentry","category-1491"],"yoast_head":"<!-- This site is optimized with the Yoast SEO plugin v26.1.1 - https:\/\/yoast.com\/wordpress\/plugins\/seo\/ -->\n<title>\u0130kinci turdan \u0259vv\u0259l qeyri-b\u0259rab\u0259r se\u00e7ki m\u00fchiti | knews.ge<\/title>\n<meta name=\"description\" content=\"Qeyri-h\u00f6kum\u0259t t\u0259\u015fkilatlar\u0131n\u0131n n\u00fcmay\u0259nd\u0259l\u0259ri prezident se\u00e7kil\u0259rinin ikinci turundan \u0259vv\u0259l yaranan qeyri-b\u0259rab\u0259r se\u00e7ki m\u00fchiti haqq\u0131nda dan\u0131\u015f\u0131rlar. \u00dc\u00e7\u00fcnc\u00fc\" \/>\n<meta name=\"robots\" content=\"index, follow, max-snippet:-1, max-image-preview:large, max-video-preview:-1\" \/>\n<link rel=\"canonical\" href=\"https:\/\/knews.ge\/?p=55566\" \/>\n<meta property=\"og:locale\" content=\"ka_GE\" \/>\n<meta property=\"og:type\" content=\"article\" \/>\n<meta property=\"og:title\" content=\"\u0130kinci turdan \u0259vv\u0259l qeyri-b\u0259rab\u0259r se\u00e7ki m\u00fchiti | knews.ge\" \/>\n<meta property=\"og:description\" content=\"Qeyri-h\u00f6kum\u0259t t\u0259\u015fkilatlar\u0131n\u0131n n\u00fcmay\u0259nd\u0259l\u0259ri prezident se\u00e7kil\u0259rinin ikinci turundan \u0259vv\u0259l yaranan qeyri-b\u0259rab\u0259r se\u00e7ki m\u00fchiti haqq\u0131nda dan\u0131\u015f\u0131rlar. \u00dc\u00e7\u00fcnc\u00fc\" \/>\n<meta property=\"og:url\" content=\"https:\/\/knews.ge\/?p=55566\" \/>\n<meta property=\"og:site_name\" content=\"knews.ge\" \/>\n<meta property=\"article:publisher\" content=\"https:\/\/www.facebook.com\/kakhetiskhma\" \/>\n<meta property=\"article:published_time\" content=\"2020-09-30T12:11:44+00:00\" \/>\n<meta property=\"article:modified_time\" content=\"2020-11-05T12:13:51+00:00\" \/>\n<meta property=\"og:image\" content=\"https:\/\/knews.ge\/wp-content\/uploads\/karajala5-1.jpg\" \/>\n\t<meta property=\"og:image:width\" content=\"800\" \/>\n\t<meta property=\"og:image:height\" content=\"598\" \/>\n\t<meta property=\"og:image:type\" content=\"image\/jpeg\" \/>\n<meta name=\"author\" content=\"\u10db\u10d0\u10d8\u10d0 \u10db\u10d0\u10db\u10e3\u10da\u10d0\u10e8\u10d5\u10d8\u10da\u10d8\" \/>\n<meta name=\"twitter:card\" content=\"summary_large_image\" \/>\n<meta name=\"twitter:label1\" content=\"Written by\" \/>\n\t<meta name=\"twitter:data1\" content=\"\u10db\u10d0\u10d8\u10d0 \u10db\u10d0\u10db\u10e3\u10da\u10d0\u10e8\u10d5\u10d8\u10da\u10d8\" \/>\n\t<meta name=\"twitter:label2\" content=\"Est. reading time\" \/>\n\t<meta name=\"twitter:data2\" content=\"4 \u10ec\u10e3\u10d7\u10d8\" \/>\n<!-- \/ Yoast SEO plugin. -->","yoast_head_json":{"title":"\u0130kinci turdan \u0259vv\u0259l qeyri-b\u0259rab\u0259r se\u00e7ki m\u00fchiti | knews.ge","description":"Qeyri-h\u00f6kum\u0259t t\u0259\u015fkilatlar\u0131n\u0131n n\u00fcmay\u0259nd\u0259l\u0259ri prezident se\u00e7kil\u0259rinin ikinci turundan \u0259vv\u0259l yaranan qeyri-b\u0259rab\u0259r se\u00e7ki m\u00fchiti haqq\u0131nda dan\u0131\u015f\u0131rlar. \u00dc\u00e7\u00fcnc\u00fc","robots":{"index":"index","follow":"follow","max-snippet":"max-snippet:-1","max-image-preview":"max-image-preview:large","max-video-preview":"max-video-preview:-1"},"canonical":"https:\/\/knews.ge\/?p=55566","og_locale":"ka_GE","og_type":"article","og_title":"\u0130kinci turdan \u0259vv\u0259l qeyri-b\u0259rab\u0259r se\u00e7ki m\u00fchiti | knews.ge","og_description":"Qeyri-h\u00f6kum\u0259t t\u0259\u015fkilatlar\u0131n\u0131n n\u00fcmay\u0259nd\u0259l\u0259ri prezident se\u00e7kil\u0259rinin ikinci turundan \u0259vv\u0259l yaranan qeyri-b\u0259rab\u0259r se\u00e7ki m\u00fchiti haqq\u0131nda dan\u0131\u015f\u0131rlar. \u00dc\u00e7\u00fcnc\u00fc","og_url":"https:\/\/knews.ge\/?p=55566","og_site_name":"knews.ge","article_publisher":"https:\/\/www.facebook.com\/kakhetiskhma","article_published_time":"2020-09-30T12:11:44+00:00","article_modified_time":"2020-11-05T12:13:51+00:00","og_image":[{"width":800,"height":598,"url":"https:\/\/knews.ge\/wp-content\/uploads\/karajala5-1.jpg","type":"image\/jpeg"}],"author":"\u10db\u10d0\u10d8\u10d0 \u10db\u10d0\u10db\u10e3\u10da\u10d0\u10e8\u10d5\u10d8\u10da\u10d8","twitter_card":"summary_large_image","twitter_misc":{"Written by":"\u10db\u10d0\u10d8\u10d0 \u10db\u10d0\u10db\u10e3\u10da\u10d0\u10e8\u10d5\u10d8\u10da\u10d8","Est. reading time":"4 \u10ec\u10e3\u10d7\u10d8"},"schema":{"@context":"https:\/\/schema.org","@graph":[{"@type":"NewsArticle","@id":"https:\/\/knews.ge\/?p=55566#article","isPartOf":{"@id":"https:\/\/knews.ge\/?p=55566"},"author":{"name":"\u10db\u10d0\u10d8\u10d0 \u10db\u10d0\u10db\u10e3\u10da\u10d0\u10e8\u10d5\u10d8\u10da\u10d8","@id":"https:\/\/knews.ge\/#\/schema\/person\/dbbab81661b0505b5a4605cb231463e3"},"headline":"\u0130kinci turdan \u0259vv\u0259l qeyri-b\u0259rab\u0259r se\u00e7ki m\u00fchiti","datePublished":"2020-09-30T12:11:44+00:00","dateModified":"2020-11-05T12:13:51+00:00","mainEntityOfPage":{"@id":"https:\/\/knews.ge\/?p=55566"},"wordCount":874,"commentCount":0,"publisher":{"@id":"https:\/\/knews.ge\/#organization"},"image":{"@id":"https:\/\/knews.ge\/?p=55566#primaryimage"},"thumbnailUrl":"https:\/\/knews.ge\/wp-content\/uploads\/karajala5-1.jpg","articleSection":["\u10d0\u10e0\u10e9\u10d4\u10d5\u10dc\u10d4\u10d1\u10d8 2020"],"inLanguage":"ka-GE","potentialAction":[{"@type":"CommentAction","name":"Comment","target":["https:\/\/knews.ge\/?p=55566#respond"]}]},{"@type":"WebPage","@id":"https:\/\/knews.ge\/?p=55566","url":"https:\/\/knews.ge\/?p=55566","name":"\u0130kinci turdan \u0259vv\u0259l qeyri-b\u0259rab\u0259r se\u00e7ki m\u00fchiti | knews.ge","isPartOf":{"@id":"https:\/\/knews.ge\/#website"},"primaryImageOfPage":{"@id":"https:\/\/knews.ge\/?p=55566#primaryimage"},"image":{"@id":"https:\/\/knews.ge\/?p=55566#primaryimage"},"thumbnailUrl":"https:\/\/knews.ge\/wp-content\/uploads\/karajala5-1.jpg","datePublished":"2020-09-30T12:11:44+00:00","dateModified":"2020-11-05T12:13:51+00:00","description":"Qeyri-h\u00f6kum\u0259t t\u0259\u015fkilatlar\u0131n\u0131n n\u00fcmay\u0259nd\u0259l\u0259ri prezident se\u00e7kil\u0259rinin ikinci turundan \u0259vv\u0259l yaranan qeyri-b\u0259rab\u0259r se\u00e7ki m\u00fchiti haqq\u0131nda dan\u0131\u015f\u0131rlar. \u00dc\u00e7\u00fcnc\u00fc","breadcrumb":{"@id":"https:\/\/knews.ge\/?p=55566#breadcrumb"},"inLanguage":"ka-GE","potentialAction":[{"@type":"ReadAction","target":["https:\/\/knews.ge\/?p=55566"]}]},{"@type":"ImageObject","inLanguage":"ka-GE","@id":"https:\/\/knews.ge\/?p=55566#primaryimage","url":"https:\/\/knews.ge\/wp-content\/uploads\/karajala5-1.jpg","contentUrl":"https:\/\/knews.ge\/wp-content\/uploads\/karajala5-1.jpg","width":800,"height":598},{"@type":"BreadcrumbList","@id":"https:\/\/knews.ge\/?p=55566#breadcrumb","itemListElement":[{"@type":"ListItem","position":1,"name":"Home","item":"https:\/\/knews.ge\/"},{"@type":"ListItem","position":2,"name":"\u0130kinci turdan \u0259vv\u0259l qeyri-b\u0259rab\u0259r se\u00e7ki m\u00fchiti"}]},{"@type":"WebSite","@id":"https:\/\/knews.ge\/#website","url":"https:\/\/knews.ge\/","name":"knews.ge","description":"\u10d9\u10d0\u10ee\u10d4\u10d7\u10d8\u10e1 \u10ee\u10db\u10d0 \u10d8\u10dc\u10e4\u10dd\u10e0\u10db\u10d0\u10ea\u10d8\u10d8\u10e1 \u10e1\u10d0\u10dc\u10d3\u10dd \u10ec\u10e7\u10d0\u10e0\u10dd \u10d7\u10d4\u10da\u10d0\u10d5\u10e8\u10d8 , \u10d2\u10e3\u10e0\u10ef\u10d0\u10d0\u10dc\u10e8\u10d8 \u10d3\u10d0 \u10d9\u10d0\u10ee\u10d4\u10d7\u10e8\u10d8","publisher":{"@id":"https:\/\/knews.ge\/#organization"},"potentialAction":[{"@type":"SearchAction","target":{"@type":"EntryPoint","urlTemplate":"https:\/\/knews.ge\/?s={search_term_string}"},"query-input":{"@type":"PropertyValueSpecification","valueRequired":true,"valueName":"search_term_string"}}],"inLanguage":"ka-GE"},{"@type":"Organization","@id":"https:\/\/knews.ge\/#organization","name":"Knews","url":"https:\/\/knews.ge\/","logo":{"@type":"ImageObject","inLanguage":"ka-GE","@id":"https:\/\/knews.ge\/#\/schema\/logo\/image\/","url":"https:\/\/knews.ge\/wp-content\/uploads\/knews-01-with-text.png","contentUrl":"https:\/\/knews.ge\/wp-content\/uploads\/knews-01-with-text.png","width":720,"height":924,"caption":"Knews"},"image":{"@id":"https:\/\/knews.ge\/#\/schema\/logo\/image\/"},"sameAs":["https:\/\/www.facebook.com\/kakhetiskhma","https:\/\/www.linkedin.com\/company\/\u10d9\u10d0\u10ee\u10d4\u10d7\u10d8\u10e1-\u10ee\u10db\u10d0-knews-ge","https:\/\/www.youtube.com\/channel\/UCzUfDfvQO5pccbG94Qu7h0Q\/featured"]},{"@type":"Person","@id":"https:\/\/knews.ge\/#\/schema\/person\/dbbab81661b0505b5a4605cb231463e3","name":"\u10db\u10d0\u10d8\u10d0 \u10db\u10d0\u10db\u10e3\u10da\u10d0\u10e8\u10d5\u10d8\u10da\u10d8","image":{"@type":"ImageObject","inLanguage":"ka-GE","@id":"https:\/\/knews.ge\/#\/schema\/person\/image\/","url":"https:\/\/secure.gravatar.com\/avatar\/24cb56a89590357a0c96c58fcd87bcbc7f4b49c5915af388bd57b6396c3203f1?s=96&d=mm&r=g","contentUrl":"https:\/\/secure.gravatar.com\/avatar\/24cb56a89590357a0c96c58fcd87bcbc7f4b49c5915af388bd57b6396c3203f1?s=96&d=mm&r=g","caption":"\u10db\u10d0\u10d8\u10d0 \u10db\u10d0\u10db\u10e3\u10da\u10d0\u10e8\u10d5\u10d8\u10da\u10d8"},"url":"https:\/\/knews.ge\/?author=30"}]}},"_links":{"self":[{"href":"https:\/\/knews.ge\/index.php?rest_route=\/wp\/v2\/posts\/55566","targetHints":{"allow":["GET"]}}],"collection":[{"href":"https:\/\/knews.ge\/index.php?rest_route=\/wp\/v2\/posts"}],"about":[{"href":"https:\/\/knews.ge\/index.php?rest_route=\/wp\/v2\/types\/post"}],"author":[{"embeddable":true,"href":"https:\/\/knews.ge\/index.php?rest_route=\/wp\/v2\/users\/30"}],"replies":[{"embeddable":true,"href":"https:\/\/knews.ge\/index.php?rest_route=%2Fwp%2Fv2%2Fcomments&post=55566"}],"version-history":[{"count":1,"href":"https:\/\/knews.ge\/index.php?rest_route=\/wp\/v2\/posts\/55566\/revisions"}],"predecessor-version":[{"id":55568,"href":"https:\/\/knews.ge\/index.php?rest_route=\/wp\/v2\/posts\/55566\/revisions\/55568"}],"wp:featuredmedia":[{"embeddable":true,"href":"https:\/\/knews.ge\/index.php?rest_route=\/wp\/v2\/media\/55567"}],"wp:attachment":[{"href":"https:\/\/knews.ge\/index.php?rest_route=%2Fwp%2Fv2%2Fmedia&parent=55566"}],"wp:term":[{"taxonomy":"category","embeddable":true,"href":"https:\/\/knews.ge\/index.php?rest_route=%2Fwp%2Fv2%2Fcategories&post=55566"},{"taxonomy":"post_tag","embeddable":true,"href":"https:\/\/knews.ge\/index.php?rest_route=%2Fwp%2Fv2%2Ftags&post=55566"}],"curies":[{"name":"wp","href":"https:\/\/api.w.org\/{rel}","templated":true}]}}