{"id":55563,"date":"2020-09-05T16:06:41","date_gmt":"2020-09-05T12:06:41","guid":{"rendered":"https:\/\/knews.ge\/?p=55563"},"modified":"2020-11-05T16:09:54","modified_gmt":"2020-11-05T12:09:54","slug":"qaracalarda-yasayan-%c9%99hali-seckil%c9%99rd%c9%99n-n%c9%99-gozl%c9%99yir-2","status":"publish","type":"post","link":"https:\/\/knews.ge\/?p=55563","title":{"rendered":"Qaracalarda ya\u015fayan \u0259hali se\u00e7kil\u0259rd\u0259n n\u0259 g\u00f6zl\u0259yir"},"content":{"rendered":"<p><strong>G\u00fcrc\u00fcstan Parlamenti se\u00e7kil\u0259rinin ikinci turuna q\u0259d\u0259r tam bir h\u0259ft\u0259 qald\u0131. \u018fhalinin bir hiss\u0259si \u00fcmidsiz yana\u015f\u0131r v\u0259 yeni se\u00e7ilm\u0259sind\u0259n sonra da vacib d\u0259yi\u015fiklikl\u0259r g\u00f6zl\u0259mir. V\u0259t\u0259nda\u015flar\u0131n m\u00fc\u0259yy\u0259n hiss\u0259si is\u0259 d\u00fc\u015f\u00fcn\u00fcr ki, \u00f6lk\u0259nin yeni prezidenti m\u00f6vcud probleml\u0259rin h\u0259lli \u00fcz\u0259rind\u0259 inzibati hakimiyy\u0259t il\u0259 birg\u0259 f\u0259al \u015f\u0259kild\u0259 i\u015fl\u0259s\u0259 v\u0259ziyy\u0259t d\u0259yi\u015f\u0259c\u0259k. <\/strong><\/p>\n<p>G\u0259ncl\u0259rin probleml\u0259rinin h\u0259lli, k\u0259ndl\u0259rd\u0259 i\u015f yerl\u0259rinin yarad\u0131lmas\u0131, k\u0259ndl\u0259rin inki\u015faf\u0131n\u0131n qeydin\u0259 qal\u0131nmas\u0131, \u0259halinin rivah\u0131na y\u00f6n\u0259ldilmi\u015f t\u0259\u015f\u015f\u0259b\u00fcsl\u0259rin ir\u0259li s\u00fcr\u00fclm\u0259si \u2013 bu Qaracalar k\u0259nd sakinl\u0259rinin yeni Parlament h\u0259llini g\u00f6zl\u0259dikl\u0259ri m\u0259s\u0259l\u0259l\u0259rdir. El\u015f\u0259n D\u00fcniyev bildirir ki, yeni prezident h\u00f6kum\u0259t\u0259 el\u0259 t\u0259\u015f\u0259bb\u00fcsl\u0259r v\u0259 layih\u0259l\u0259r t\u0259qdim etm\u0259lidir ki, milli azl\u0131qlar\u0131n n\u00fcmay\u0259nd\u0259l\u0259ri olan g\u0259ncl\u0259rin bilik s\u0259viyy\u0259sinin art\u0131r\u0131lmas\u0131 v\u0259 k\u0259ndin inki\u015faf\u0131na yard\u0131m\u00e7\u0131 olsun.<\/p>\n<p>\u201cYeni Parlamenti k\u0259ndl\u0259rin inki\u015faf\u0131 \u00fcz\u0259rind\u0259 i\u015fl\u0259m\u0259lidir. Onun t\u0259\u015f\u0259bb\u00fcs\u00fc il\u0259, k\u0259ndl\u0259rd\u0259, x\u00fcsusi il\u0259 d\u0259, milli azl\u0131qlar ya\u015fayan yerl\u0259rd\u0259 idman kompleksl\u0259ri, t\u0259hsil v\u0259 m\u0259d\u0259niyy\u0259t m\u0259rk\u0259zl\u0259ri a\u00e7\u0131lmal\u0131d\u0131r ki, g\u0259ncl\u0259r yerind\u0259 i\u015f taps\u0131nlar v\u0259 xaric\u0259 ya\u015fama\u011fa he\u00e7 kim getm\u0259sin\u201d \u2013 bildirdi knews.ge-y\u0259 El\u015f\u0259n D\u00fcniyev.<\/p>\n<p>Yerli sakin Qo\u00e7a \u00c7iqiyev is\u0259 bildirir ki, hakimiyy\u0259t milli azl\u0131qlar\u0131n m\u0259s\u0259l\u0259l\u0259ri v\u0259 probleml\u0259rin h\u0259lli \u00fcz\u0259rind\u0259 az i\u015fl\u0259yir.<\/p>\n<p>\u201cBiz\u0259 tatar deyill\u0259r. Bu bizim \u00fc\u00e7\u00fcn \u00e7ox \u00fcr\u0259k a\u011fr\u0131d\u0131c\u0131d\u0131r. H\u0259m\u00e7inin bizim probleml\u0259rin h\u0259llinin qeydin\u0259 he\u00e7 kim qalm\u0131r. Kimis\u0259 se\u00e7\u0259n\u0259 q\u0259d\u0259r, g\u0259lirl\u0259r v\u0259 g\u00f6r\u00fc\u015fl\u0259r ke\u00e7irirl\u0259r biziml\u0259. Se\u00e7kil\u0259rd\u0259n sonra is\u0259 he\u00e7kimi g\u00f6z\u00fcm\u00fczl\u0259 g\u00f6rm\u00fcr\u00fck. Milli azl\u0131qlar\u0131n n\u00fcmay\u0259nd\u0259l\u0259rini he\u00e7 kim dinl\u0259mir. Yeni prezidentd\u0259n g\u00f6zl\u0259mimiz var ki, bizim probleml\u0259rimizl\u0259 daha \u00e7ox maraqlanacaq v\u0259 onlar\u0131n h\u0259lli \u00fcz\u0259rind\u0259 i\u015fl\u0259y\u0259c\u0259k\u201d \u2013 deyir Qo\u00e7a \u00c7iqiyev.<\/p>\n<p>G\u0259ncl\u0259r k\u0259ndd\u0259n \u0259halinin miqrasiyas\u0131 v\u0259 i\u015fl\u0259 t\u0259min olunmas\u0131 probleml\u0259rin\u0259 diqq\u0259t y\u00f6n\u0259ldirl\u0259r. Levan \u018fll\u0259zov bildirir ki, k\u0259ndi \u0259sas\u0259n g\u0259ncl\u0259r t\u0259rk edirl\u0259r v\u0259 ail\u0259l\u0259rini saxlamaq \u00fc\u00e7\u00fcn ba\u015fqa \u00f6lk\u0259l\u0259r\u0259 gedirl\u0259r.<\/p>\n<p>\u201cN\u0259 k\u0259ndd\u0259, n\u0259 d\u0259 \u015f\u0259h\u0259rd\u0259 g\u0259ncl\u0259r \u00fc\u00e7\u00fcn i\u015f yerl\u0259ri yoxdur. Buna g\u00f6r\u0259 d\u0259 ba\u015fqa \u00f6lk\u0259y\u0259 getm\u0259li v\u0259 ail\u0259mizi bel\u0259 saxlamal\u0131 oluruq. M\u0259ni kimi bir \u00e7ox g\u0259nc var. M\u0259cburuq ki, bilik v\u0259 imkanlar\u0131m\u0131z\u0131 ba\u015fqa \u00f6lk\u0259d\u0259 istifad\u0259 ed\u0259k. Buna g\u0259r\u0259 d\u0259 ist\u0259yirik ki, yeni prezident h\u00f6kum\u0259tl\u0259 birlikd\u0259, g\u0259ncl\u0259rin probleml\u0259ri il\u0259 maraqlans\u0131n v\u0259 bu probleml\u0259rin h\u0259lli \u00fcz\u0259rind\u0259 i\u015fl\u0259sin\u201d\u2013 bildirdi knews.ge-y\u0259 Levan \u018fll\u0259zov.<\/p>\n<p>Yerli sakin Cohara Yadigarq\u0131z\u0131 a\u011f\u0131r sosial probleml\u0259r haqq\u0131nda dan\u0131\u015f\u0131r. Onun dediyin\u0259 g\u00f6r\u0259, sosial c\u0259h\u0259td\u0259n kas\u0131b\u00e7\u0131l\u0131\u011f\u0131n h\u0259ll edilm\u0259si \u00fcz\u0259rind\u0259 yeni prezident h\u00f6kum\u0259tl\u0259 b\u0259rab\u0259r i\u015fl\u0259m\u0259lidir.<\/p>\n<p>\u201cXalq \u00e7ox ehtiyac i\u00e7ind\u0259 ya\u015fay\u0131r. H\u0259r \u015fey \u00e7ox bahad\u0131r. Probleml\u0259r is\u0259 \u00e7ox. \u0130nsanlar o q\u0259d\u0259r kas\u0131b ya\u015fay\u0131rlar ki, bilmirik \u00e7\u00f6r\u0259k pulunu nec\u0259 qazanaq. \u00c7ox pis v\u0259ziyy\u0259td\u0259yik v\u0259 bunu h\u0259ll ed\u0259 bil\u0259c\u0259k biri biz\u0259 baxmal\u0131d\u0131r\u201d<\/p>\n","protected":false},"excerpt":{"rendered":"<p>G\u00fcrc\u00fcstan Parlamenti se\u00e7kil\u0259rinin ikinci turuna q\u0259d\u0259r tam bir h\u0259ft\u0259 qald\u0131. \u018fhalinin bir hiss\u0259si \u00fcmidsiz yana\u015f\u0131r v\u0259 yeni se\u00e7ilm\u0259sind\u0259n sonra da<\/p>\n","protected":false},"author":30,"featured_media":0,"comment_status":"open","ping_status":"open","sticky":false,"template":"","format":"standard","meta":{"colormag_page_layout":"default_layout","_monsterinsights_skip_tracking":false,"_monsterinsights_sitenote_active":false,"_monsterinsights_sitenote_note":"","_monsterinsights_sitenote_category":0,"footnotes":""},"categories":[3],"tags":[],"class_list":["post-55563","post","type-post","status-publish","format-standard","hentry","category-news"],"yoast_head":"<!-- This site is optimized with the Yoast SEO plugin v26.1.1 - https:\/\/yoast.com\/wordpress\/plugins\/seo\/ -->\n<title>Qaracalarda ya\u015fayan \u0259hali se\u00e7kil\u0259rd\u0259n n\u0259 g\u00f6zl\u0259yir | knews.ge<\/title>\n<meta name=\"description\" content=\"G\u00fcrc\u00fcstan Parlamenti se\u00e7kil\u0259rinin ikinci turuna q\u0259d\u0259r tam bir h\u0259ft\u0259 qald\u0131. \u018fhalinin bir hiss\u0259si \u00fcmidsiz yana\u015f\u0131r v\u0259 yeni se\u00e7ilm\u0259sind\u0259n sonra da vacib\" \/>\n<meta name=\"robots\" content=\"index, follow, max-snippet:-1, max-image-preview:large, max-video-preview:-1\" \/>\n<link rel=\"canonical\" href=\"https:\/\/knews.ge\/?p=55563\" \/>\n<meta property=\"og:locale\" content=\"ka_GE\" \/>\n<meta property=\"og:type\" content=\"article\" \/>\n<meta property=\"og:title\" content=\"Qaracalarda ya\u015fayan \u0259hali se\u00e7kil\u0259rd\u0259n n\u0259 g\u00f6zl\u0259yir | knews.ge\" \/>\n<meta property=\"og:description\" content=\"G\u00fcrc\u00fcstan Parlamenti se\u00e7kil\u0259rinin ikinci turuna q\u0259d\u0259r tam bir h\u0259ft\u0259 qald\u0131. \u018fhalinin bir hiss\u0259si \u00fcmidsiz yana\u015f\u0131r v\u0259 yeni se\u00e7ilm\u0259sind\u0259n sonra da vacib\" \/>\n<meta property=\"og:url\" content=\"https:\/\/knews.ge\/?p=55563\" \/>\n<meta property=\"og:site_name\" content=\"knews.ge\" \/>\n<meta property=\"article:publisher\" content=\"https:\/\/www.facebook.com\/kakhetiskhma\" \/>\n<meta property=\"article:published_time\" content=\"2020-09-05T12:06:41+00:00\" \/>\n<meta property=\"article:modified_time\" content=\"2020-11-05T12:09:54+00:00\" \/>\n<meta name=\"author\" content=\"\u10db\u10d0\u10d8\u10d0 \u10db\u10d0\u10db\u10e3\u10da\u10d0\u10e8\u10d5\u10d8\u10da\u10d8\" \/>\n<meta name=\"twitter:card\" content=\"summary_large_image\" \/>\n<meta name=\"twitter:label1\" content=\"Written by\" \/>\n\t<meta name=\"twitter:data1\" content=\"\u10db\u10d0\u10d8\u10d0 \u10db\u10d0\u10db\u10e3\u10da\u10d0\u10e8\u10d5\u10d8\u10da\u10d8\" \/>\n\t<meta name=\"twitter:label2\" content=\"Est. reading time\" \/>\n\t<meta name=\"twitter:data2\" content=\"3 \u10ec\u10e3\u10d7\u10d8\" \/>\n<!-- \/ Yoast SEO plugin. -->","yoast_head_json":{"title":"Qaracalarda ya\u015fayan \u0259hali se\u00e7kil\u0259rd\u0259n n\u0259 g\u00f6zl\u0259yir | knews.ge","description":"G\u00fcrc\u00fcstan Parlamenti se\u00e7kil\u0259rinin ikinci turuna q\u0259d\u0259r tam bir h\u0259ft\u0259 qald\u0131. \u018fhalinin bir hiss\u0259si \u00fcmidsiz yana\u015f\u0131r v\u0259 yeni se\u00e7ilm\u0259sind\u0259n sonra da vacib","robots":{"index":"index","follow":"follow","max-snippet":"max-snippet:-1","max-image-preview":"max-image-preview:large","max-video-preview":"max-video-preview:-1"},"canonical":"https:\/\/knews.ge\/?p=55563","og_locale":"ka_GE","og_type":"article","og_title":"Qaracalarda ya\u015fayan \u0259hali se\u00e7kil\u0259rd\u0259n n\u0259 g\u00f6zl\u0259yir | knews.ge","og_description":"G\u00fcrc\u00fcstan Parlamenti se\u00e7kil\u0259rinin ikinci turuna q\u0259d\u0259r tam bir h\u0259ft\u0259 qald\u0131. \u018fhalinin bir hiss\u0259si \u00fcmidsiz yana\u015f\u0131r v\u0259 yeni se\u00e7ilm\u0259sind\u0259n sonra da vacib","og_url":"https:\/\/knews.ge\/?p=55563","og_site_name":"knews.ge","article_publisher":"https:\/\/www.facebook.com\/kakhetiskhma","article_published_time":"2020-09-05T12:06:41+00:00","article_modified_time":"2020-11-05T12:09:54+00:00","author":"\u10db\u10d0\u10d8\u10d0 \u10db\u10d0\u10db\u10e3\u10da\u10d0\u10e8\u10d5\u10d8\u10da\u10d8","twitter_card":"summary_large_image","twitter_misc":{"Written by":"\u10db\u10d0\u10d8\u10d0 \u10db\u10d0\u10db\u10e3\u10da\u10d0\u10e8\u10d5\u10d8\u10da\u10d8","Est. reading time":"3 \u10ec\u10e3\u10d7\u10d8"},"schema":{"@context":"https:\/\/schema.org","@graph":[{"@type":"NewsArticle","@id":"https:\/\/knews.ge\/?p=55563#article","isPartOf":{"@id":"https:\/\/knews.ge\/?p=55563"},"author":{"name":"\u10db\u10d0\u10d8\u10d0 \u10db\u10d0\u10db\u10e3\u10da\u10d0\u10e8\u10d5\u10d8\u10da\u10d8","@id":"https:\/\/knews.ge\/#\/schema\/person\/dbbab81661b0505b5a4605cb231463e3"},"headline":"Qaracalarda ya\u015fayan \u0259hali se\u00e7kil\u0259rd\u0259n n\u0259 g\u00f6zl\u0259yir","datePublished":"2020-09-05T12:06:41+00:00","dateModified":"2020-11-05T12:09:54+00:00","mainEntityOfPage":{"@id":"https:\/\/knews.ge\/?p=55563"},"wordCount":663,"commentCount":0,"publisher":{"@id":"https:\/\/knews.ge\/#organization"},"articleSection":["\u10d0\u10ee\u10d0\u10da\u10d8 \u10d0\u10db\u10d1\u10d4\u10d1\u10d8"],"inLanguage":"ka-GE","potentialAction":[{"@type":"CommentAction","name":"Comment","target":["https:\/\/knews.ge\/?p=55563#respond"]}]},{"@type":"WebPage","@id":"https:\/\/knews.ge\/?p=55563","url":"https:\/\/knews.ge\/?p=55563","name":"Qaracalarda ya\u015fayan \u0259hali se\u00e7kil\u0259rd\u0259n n\u0259 g\u00f6zl\u0259yir | knews.ge","isPartOf":{"@id":"https:\/\/knews.ge\/#website"},"datePublished":"2020-09-05T12:06:41+00:00","dateModified":"2020-11-05T12:09:54+00:00","description":"G\u00fcrc\u00fcstan Parlamenti se\u00e7kil\u0259rinin ikinci turuna q\u0259d\u0259r tam bir h\u0259ft\u0259 qald\u0131. \u018fhalinin bir hiss\u0259si \u00fcmidsiz yana\u015f\u0131r v\u0259 yeni se\u00e7ilm\u0259sind\u0259n sonra da vacib","breadcrumb":{"@id":"https:\/\/knews.ge\/?p=55563#breadcrumb"},"inLanguage":"ka-GE","potentialAction":[{"@type":"ReadAction","target":["https:\/\/knews.ge\/?p=55563"]}]},{"@type":"BreadcrumbList","@id":"https:\/\/knews.ge\/?p=55563#breadcrumb","itemListElement":[{"@type":"ListItem","position":1,"name":"Home","item":"https:\/\/knews.ge\/"},{"@type":"ListItem","position":2,"name":"Qaracalarda ya\u015fayan \u0259hali se\u00e7kil\u0259rd\u0259n n\u0259 g\u00f6zl\u0259yir"}]},{"@type":"WebSite","@id":"https:\/\/knews.ge\/#website","url":"https:\/\/knews.ge\/","name":"knews.ge","description":"\u10d9\u10d0\u10ee\u10d4\u10d7\u10d8\u10e1 \u10ee\u10db\u10d0 \u10d8\u10dc\u10e4\u10dd\u10e0\u10db\u10d0\u10ea\u10d8\u10d8\u10e1 \u10e1\u10d0\u10dc\u10d3\u10dd \u10ec\u10e7\u10d0\u10e0\u10dd \u10d7\u10d4\u10da\u10d0\u10d5\u10e8\u10d8 , \u10d2\u10e3\u10e0\u10ef\u10d0\u10d0\u10dc\u10e8\u10d8 \u10d3\u10d0 \u10d9\u10d0\u10ee\u10d4\u10d7\u10e8\u10d8","publisher":{"@id":"https:\/\/knews.ge\/#organization"},"potentialAction":[{"@type":"SearchAction","target":{"@type":"EntryPoint","urlTemplate":"https:\/\/knews.ge\/?s={search_term_string}"},"query-input":{"@type":"PropertyValueSpecification","valueRequired":true,"valueName":"search_term_string"}}],"inLanguage":"ka-GE"},{"@type":"Organization","@id":"https:\/\/knews.ge\/#organization","name":"Knews","url":"https:\/\/knews.ge\/","logo":{"@type":"ImageObject","inLanguage":"ka-GE","@id":"https:\/\/knews.ge\/#\/schema\/logo\/image\/","url":"https:\/\/knews.ge\/wp-content\/uploads\/knews-01-with-text.png","contentUrl":"https:\/\/knews.ge\/wp-content\/uploads\/knews-01-with-text.png","width":720,"height":924,"caption":"Knews"},"image":{"@id":"https:\/\/knews.ge\/#\/schema\/logo\/image\/"},"sameAs":["https:\/\/www.facebook.com\/kakhetiskhma","https:\/\/www.linkedin.com\/company\/\u10d9\u10d0\u10ee\u10d4\u10d7\u10d8\u10e1-\u10ee\u10db\u10d0-knews-ge","https:\/\/www.youtube.com\/channel\/UCzUfDfvQO5pccbG94Qu7h0Q\/featured"]},{"@type":"Person","@id":"https:\/\/knews.ge\/#\/schema\/person\/dbbab81661b0505b5a4605cb231463e3","name":"\u10db\u10d0\u10d8\u10d0 \u10db\u10d0\u10db\u10e3\u10da\u10d0\u10e8\u10d5\u10d8\u10da\u10d8","image":{"@type":"ImageObject","inLanguage":"ka-GE","@id":"https:\/\/knews.ge\/#\/schema\/person\/image\/","url":"https:\/\/secure.gravatar.com\/avatar\/24cb56a89590357a0c96c58fcd87bcbc7f4b49c5915af388bd57b6396c3203f1?s=96&d=mm&r=g","contentUrl":"https:\/\/secure.gravatar.com\/avatar\/24cb56a89590357a0c96c58fcd87bcbc7f4b49c5915af388bd57b6396c3203f1?s=96&d=mm&r=g","caption":"\u10db\u10d0\u10d8\u10d0 \u10db\u10d0\u10db\u10e3\u10da\u10d0\u10e8\u10d5\u10d8\u10da\u10d8"},"url":"https:\/\/knews.ge\/?author=30"}]}},"_links":{"self":[{"href":"https:\/\/knews.ge\/index.php?rest_route=\/wp\/v2\/posts\/55563","targetHints":{"allow":["GET"]}}],"collection":[{"href":"https:\/\/knews.ge\/index.php?rest_route=\/wp\/v2\/posts"}],"about":[{"href":"https:\/\/knews.ge\/index.php?rest_route=\/wp\/v2\/types\/post"}],"author":[{"embeddable":true,"href":"https:\/\/knews.ge\/index.php?rest_route=\/wp\/v2\/users\/30"}],"replies":[{"embeddable":true,"href":"https:\/\/knews.ge\/index.php?rest_route=%2Fwp%2Fv2%2Fcomments&post=55563"}],"version-history":[{"count":1,"href":"https:\/\/knews.ge\/index.php?rest_route=\/wp\/v2\/posts\/55563\/revisions"}],"predecessor-version":[{"id":55565,"href":"https:\/\/knews.ge\/index.php?rest_route=\/wp\/v2\/posts\/55563\/revisions\/55565"}],"wp:attachment":[{"href":"https:\/\/knews.ge\/index.php?rest_route=%2Fwp%2Fv2%2Fmedia&parent=55563"}],"wp:term":[{"taxonomy":"category","embeddable":true,"href":"https:\/\/knews.ge\/index.php?rest_route=%2Fwp%2Fv2%2Fcategories&post=55563"},{"taxonomy":"post_tag","embeddable":true,"href":"https:\/\/knews.ge\/index.php?rest_route=%2Fwp%2Fv2%2Ftags&post=55563"}],"curies":[{"name":"wp","href":"https:\/\/api.w.org\/{rel}","templated":true}]}}