{"id":34599,"date":"2018-10-28T18:27:12","date_gmt":"2018-10-28T14:27:12","guid":{"rendered":"http:\/\/knews.ge\/?p=34599"},"modified":"2018-10-28T18:31:12","modified_gmt":"2018-10-28T14:31:12","slug":"qadin-secici-v%c9%99-prezident-seckil%c9%99ri","status":"publish","type":"post","link":"https:\/\/knews.ge\/?p=34599","title":{"rendered":"Qad\u0131n se\u00e7ici v\u0259 prezident se\u00e7kil\u0259ri"},"content":{"rendered":"<p>Kaxeti regionunda ya\u015fayan etnik icmada qad\u0131nlar\u0131n bir hiss\u0259si prezidentliy\u0259 namiz\u0259dl\u0259ri tan\u0131m\u0131r v\u0259 proqramlar\u0131n\u0131 bilmir.<\/p>\n<p>Qaracalar k\u0259ndind\u0259 ya\u015fayan Coxara Yadigarq\u0131z\u0131 deyir ki, xalq onlar\u0131n probleml\u0259rini h\u0259ll ed\u0259c\u0259k namiz\u0259d\u0259 s\u0259s ver\u0259c\u0259k.<\/p>\n<p>\u201cDeyirl\u0259r ki, prezident se\u00e7kil\u0259ridir. Lakin namiz\u0259dl\u0259ri tan\u0131m\u0131ram. Onlar\u0131n adlar\u0131n\u0131 da bilmir\u0259m. Bizim k\u0259nd\u0259 \u00e7ox adam g\u0259lir. Amma n\u0259 bilim kim kimdir. \u018fhali k\u0259ndd\u0259n gedib, b\u0259zisi T\u00fcrkiy\u0259d\u0259di, b\u0259zisi ba\u015fqa \u00f6lk\u0259l\u0259rd\u0259. Bu q\u0259d\u0259r adam k\u0259ndd\u0259n getm\u0259m\u0259lidir, burada i\u015fl\u0259m\u0259lidirl\u0259r. Biz d\u0259 g\u00f6zl\u0259yirik\u00e7 prezident olaraq kim g\u0259l\u0259c\u0259k, ki biz kas\u0131blara baxs\u0131n. G\u00fcrc\u00fc dilini az bilir\u0259m. Se\u00e7kil\u0259rd\u0259 bizim probleml\u0259rimizi h\u0259ll ed\u0259c\u0259k adama s\u0259s ver\u0259c\u0259m. Prezident bizim yan\u0131m\u0131zda olmal\u0131d\u0131r.\u201d \u2013 deyir Yadigarq\u0131z\u0131.<\/p>\n<p>Qaracalar m\u0259kt\u0259binin direktoru Elza A\u015f\u0131rova bildirir ki, ke\u00e7\u0259n ill\u0259r\u0259 nisb\u0259t\u0259n Qaracalarda se\u00e7ki prosesin\u0259 qad\u0131nlar\u0131n qo\u015fulmas\u0131 v\u0259 i\u015ftirak\u0131 art\u0131b.<\/p>\n<p><strong>,,<\/strong>Se\u00e7ki prosesl\u0259rind\u0259 i\u015ftirak v\u0259 qat\u0131lma bax\u0131m\u0131ndan i\u015ftirak\u0131n\u0131 ke\u00e7mi\u015fl\u0259 m\u00fcqayis\u0259 bel\u0259 etm\u0259k olmaz, el\u0259 bir ir\u0259lil\u0259yi\u015f var. \u018fvv\u0259ll\u0259r s\u0259s verm\u0259y\u0259 ki\u015fi getm\u0259li idi v\u0259 qad\u0131n\u0131n s\u0259si itmi\u015f olurdu, e\u015fidilmirdi. Qad\u0131nlar t\u0259r\u0259find\u0259n t\u0259l\u0259b d\u0259 yox idi. Bilirdil\u0259r ki, se\u00e7kil\u0259r\u0259 ki\u015fi getm\u0259li idi. M\u0259rh\u0259l\u0259li \u015f\u0259kild\u0259 m\u00f6vcud durum d\u0259yi\u015fir. \u0130ndi qad\u0131nlar \u00f6z maraq v\u0259 motivasiyalar\u0131 il\u0259 se\u00e7kil\u0259rd\u0259 i\u015ftirak etm\u0259k ist\u0259yirl\u0259r. Bu g\u00fcn bir bayrama \u00e7evrilib, bir-biril\u0259rini \u00e7a\u011f\u0131r\u0131rlar v\u0259 b\u0259rab\u0259r gedirl\u0259r. Bizim k\u0259ndin ad\u0259t-\u0259n\u0259n\u0259l\u0259rind\u0259n ir\u0259li g\u0259l\u0259r\u0259k bu \u00e7ox b\u00f6y\u00fck ir\u0259lil\u0259yi\u015fdir. \u0130ndid\u0259 hans\u0131 se\u00e7kil\u0259r oldu\u011fu haqq\u0131nda m\u0259lumatlar\u0131 var. Onlara se\u00e7ki v\u0259r\u0259ql\u0259ri d\u0259 payland\u0131 v\u0259 orada \u00f6zl\u0259rinin se\u00e7ki siyah\u0131lar\u0131nda olmalar\u0131n\u0131 yoxlad\u0131lar. \u00dcmid edir\u0259m se\u00e7kil\u0259rd\u0259 f\u0259al i\u015ftirak ed\u0259c\u0259kl\u0259r. \u2013bildirir A\u015f\u0131rova.<\/p>\n<p><strong>\u00a0<\/strong>Se\u00e7ki prosesind\u0259 azl\u0131qlar\u0131n m\u0259lumatland\u0131r\u0131lmas\u0131n\u0131n s\u0259viyy\u0259sinin art\u0131r\u0131lmas\u0131n\u0131n vacibliyin\u0259 \u00fc\u00e7\u00fcnc\u00fc sektorda da diqq\u0259t y\u0259n\u0259ldirl\u0259r. Bildirirl\u0259r ki, k\u0259ndl\u0259rd\u0259 se\u00e7ki prosedurlar\u0131, el\u0259c\u0259 d\u0259 namiz\u0259dl\u0259rin proqramlar\u0131 haqq\u0131nda m\u0259lumat-t\u0259lim t\u0259rkibli g\u00f6r\u00fc\u015fl\u0259rin ke\u00e7irilm\u0259si v\u0259 onlara geni\u015f m\u0259lumat\u0131n verilm\u0259si vacibdir.<\/p>\n<p><img loading=\"lazy\" decoding=\"async\" class=\"alignnone size-full wp-image-34430\" src=\"http:\/\/knews.ge\/wp-content\/uploads\/IMG_4616.jpg\" alt=\"\" width=\"800\" height=\"533\" srcset=\"https:\/\/knews.ge\/wp-content\/uploads\/IMG_4616.jpg 800w, https:\/\/knews.ge\/wp-content\/uploads\/IMG_4616-768x512.jpg 768w\" sizes=\"auto, (max-width: 800px) 100vw, 800px\" \/>\u00a0\u201cVacibdir ki, qad\u0131nlar \u00f6z se\u00e7iml\u0259rini ifad\u0259 etsinl\u0259r. Bunun \u00fc\u00e7\u00fcn is\u0259 namiz\u0259dl\u0259rin proqramlar\u0131n\u0131 anlamal\u0131d\u0131rlar. Anlamal\u0131 v\u0259 el\u0259 se\u00e7im etm\u0259lidirl\u0259r. \u00c7ox t\u0259ss\u00fcf ki, bel\u0259 olmur. Onlara m\u0259lumatland\u0131rman\u0131n s\u0259viyy\u0259sinin art\u0131r\u0131lmas\u0131 laz\u0131md\u0131r. Yax\u015f\u0131 olar ki, etmik azl\u0131qlara namiz\u0259dl\u0259r se\u00e7ki proqramlar\u0131n\u0131 onlar\u0131n ana dilind\u0259 tan\u0131ts\u0131nlar\u201d \u2013 bildirir knews.ge-y\u0259 \u201cvejini\u201d icma t\u0259\u015fkilat\u0131n\u0131n s\u0259dri Laura Xaritona\u015fvili<\/p>\n<p>Milli azl\u0131qlar \u00fc\u00e7\u00fcn \u0259sas problem dil baryeridir. D\u00fczd\u00fcr onlar se\u00e7kil\u0259rd\u0259 i\u015ftirak edirl\u0259r, lakin b\u00fcleteni oxumaqda \u00e7\u0259tinlik \u00e7\u0259kirl\u0259r. \u018fks\u0259r hallarda onlar se\u00e7ki m\u0259nt\u0259q\u0259sin\u0259 getdikd\u0259n sonra bilirl\u0259r ki, hans\u0131 se\u00e7kil\u0259r ke\u00e7irilir v\u0259 kim i\u015ftirak edir. M\u0259rk\u0259zi Se\u00e7ki Komissiyas\u0131n\u0131n s\u0259dri tamar Jvaniyan\u0131n b\u0259yanat\u0131na \u0259sas\u0259n parlament se\u00e7kil\u0259ri \u00fc\u00e7\u00fcn, se\u00e7ki b\u00fcletenl\u0259ri b\u00fct\u00fcn dild\u0259 \u00e7ap olunacaq.<\/p>\n<p>\u201cEtnik icmalar\u0131n ya\u015fad\u0131qlar\u0131 b\u00f6lg\u0259l\u0259rd\u0259 dil baryeri m\u00f6vcuddur v\u0259 bu bizim \u00fc\u00e7\u00fcn yenilik deyil. Bu il se\u00e7ki b\u00fcletenl\u0259ri g\u00fcrc\u00fc dilind\u0259, el\u0259c\u0259 d\u0259 rus, erm\u0259ni v\u0259 az\u0259rbaycan dill\u0259rind\u0259 d\u0259 \u00e7ap edil\u0259c\u0259k. \u00dcmid edirik ki, bu se\u00e7icil\u0259rin se\u00e7ki m\u0259nt\u0259q\u0259l\u0259rind\u0259 rastla\u015fd\u0131qlar\u0131 probleml\u0259ri aradan qald\u0131racaq \u201d \u2013 bildirdi Tamar Jvaniya.<\/p>\n","protected":false},"excerpt":{"rendered":"<p>Kaxeti regionunda ya\u015fayan etnik icmada qad\u0131nlar\u0131n bir hiss\u0259si prezidentliy\u0259 namiz\u0259dl\u0259ri tan\u0131m\u0131r v\u0259 proqramlar\u0131n\u0131 bilmir. Qaracalar k\u0259ndind\u0259 ya\u015fayan Coxara Yadigarq\u0131z\u0131 deyir<\/p>\n","protected":false},"author":30,"featured_media":33875,"comment_status":"open","ping_status":"open","sticky":false,"template":"","format":"standard","meta":{"colormag_page_layout":"default_layout","_monsterinsights_skip_tracking":false,"_monsterinsights_sitenote_active":false,"_monsterinsights_sitenote_note":"","_monsterinsights_sitenote_category":0,"footnotes":""},"categories":[30],"tags":[],"class_list":["post-34599","post","type-post","status-publish","format-standard","has-post-thumbnail","hentry","category-election"],"yoast_head":"<!-- This site is optimized with the Yoast SEO plugin v26.1.1 - https:\/\/yoast.com\/wordpress\/plugins\/seo\/ -->\n<title>Qad\u0131n se\u00e7ici v\u0259 prezident se\u00e7kil\u0259ri | knews.ge<\/title>\n<meta name=\"description\" content=\"Kaxeti regionunda ya\u015fayan etnik icmada qad\u0131nlar\u0131n bir hiss\u0259si prezidentliy\u0259 namiz\u0259dl\u0259ri tan\u0131m\u0131r v\u0259 proqramlar\u0131n\u0131 bilmir. Qaracalar k\u0259ndind\u0259 ya\u015fayan Coxara\" \/>\n<meta name=\"robots\" content=\"index, follow, max-snippet:-1, max-image-preview:large, max-video-preview:-1\" \/>\n<link rel=\"canonical\" href=\"https:\/\/knews.ge\/?p=34599\" \/>\n<meta property=\"og:locale\" content=\"ka_GE\" \/>\n<meta property=\"og:type\" content=\"article\" \/>\n<meta property=\"og:title\" content=\"Qad\u0131n se\u00e7ici v\u0259 prezident se\u00e7kil\u0259ri | knews.ge\" \/>\n<meta property=\"og:description\" content=\"Kaxeti regionunda ya\u015fayan etnik icmada qad\u0131nlar\u0131n bir hiss\u0259si prezidentliy\u0259 namiz\u0259dl\u0259ri tan\u0131m\u0131r v\u0259 proqramlar\u0131n\u0131 bilmir. Qaracalar k\u0259ndind\u0259 ya\u015fayan Coxara\" \/>\n<meta property=\"og:url\" content=\"https:\/\/knews.ge\/?p=34599\" \/>\n<meta property=\"og:site_name\" content=\"knews.ge\" \/>\n<meta property=\"article:publisher\" content=\"https:\/\/www.facebook.com\/kakhetiskhma\" \/>\n<meta property=\"article:published_time\" content=\"2018-10-28T14:27:12+00:00\" \/>\n<meta property=\"article:modified_time\" content=\"2018-10-28T14:31:12+00:00\" \/>\n<meta property=\"og:image\" content=\"https:\/\/knews.ge\/wp-content\/uploads\/cms-image-000012661-768x495.jpg\" \/>\n\t<meta property=\"og:image:width\" content=\"768\" \/>\n\t<meta property=\"og:image:height\" content=\"495\" \/>\n\t<meta property=\"og:image:type\" content=\"image\/jpeg\" \/>\n<meta name=\"author\" content=\"\u10db\u10d0\u10d8\u10d0 \u10db\u10d0\u10db\u10e3\u10da\u10d0\u10e8\u10d5\u10d8\u10da\u10d8\" \/>\n<meta name=\"twitter:card\" content=\"summary_large_image\" \/>\n<meta name=\"twitter:label1\" content=\"Written by\" \/>\n\t<meta name=\"twitter:data1\" content=\"\u10db\u10d0\u10d8\u10d0 \u10db\u10d0\u10db\u10e3\u10da\u10d0\u10e8\u10d5\u10d8\u10da\u10d8\" \/>\n\t<meta name=\"twitter:label2\" content=\"Est. reading time\" \/>\n\t<meta name=\"twitter:data2\" content=\"4 \u10ec\u10e3\u10d7\u10d8\" \/>\n<!-- \/ Yoast SEO plugin. -->","yoast_head_json":{"title":"Qad\u0131n se\u00e7ici v\u0259 prezident se\u00e7kil\u0259ri | knews.ge","description":"Kaxeti regionunda ya\u015fayan etnik icmada qad\u0131nlar\u0131n bir hiss\u0259si prezidentliy\u0259 namiz\u0259dl\u0259ri tan\u0131m\u0131r v\u0259 proqramlar\u0131n\u0131 bilmir. Qaracalar k\u0259ndind\u0259 ya\u015fayan Coxara","robots":{"index":"index","follow":"follow","max-snippet":"max-snippet:-1","max-image-preview":"max-image-preview:large","max-video-preview":"max-video-preview:-1"},"canonical":"https:\/\/knews.ge\/?p=34599","og_locale":"ka_GE","og_type":"article","og_title":"Qad\u0131n se\u00e7ici v\u0259 prezident se\u00e7kil\u0259ri | knews.ge","og_description":"Kaxeti regionunda ya\u015fayan etnik icmada qad\u0131nlar\u0131n bir hiss\u0259si prezidentliy\u0259 namiz\u0259dl\u0259ri tan\u0131m\u0131r v\u0259 proqramlar\u0131n\u0131 bilmir. Qaracalar k\u0259ndind\u0259 ya\u015fayan Coxara","og_url":"https:\/\/knews.ge\/?p=34599","og_site_name":"knews.ge","article_publisher":"https:\/\/www.facebook.com\/kakhetiskhma","article_published_time":"2018-10-28T14:27:12+00:00","article_modified_time":"2018-10-28T14:31:12+00:00","og_image":[{"width":768,"height":495,"url":"https:\/\/knews.ge\/wp-content\/uploads\/cms-image-000012661-768x495.jpg","type":"image\/jpeg"}],"author":"\u10db\u10d0\u10d8\u10d0 \u10db\u10d0\u10db\u10e3\u10da\u10d0\u10e8\u10d5\u10d8\u10da\u10d8","twitter_card":"summary_large_image","twitter_misc":{"Written by":"\u10db\u10d0\u10d8\u10d0 \u10db\u10d0\u10db\u10e3\u10da\u10d0\u10e8\u10d5\u10d8\u10da\u10d8","Est. reading time":"4 \u10ec\u10e3\u10d7\u10d8"},"schema":{"@context":"https:\/\/schema.org","@graph":[{"@type":"NewsArticle","@id":"https:\/\/knews.ge\/?p=34599#article","isPartOf":{"@id":"https:\/\/knews.ge\/?p=34599"},"author":{"name":"\u10db\u10d0\u10d8\u10d0 \u10db\u10d0\u10db\u10e3\u10da\u10d0\u10e8\u10d5\u10d8\u10da\u10d8","@id":"https:\/\/knews.ge\/#\/schema\/person\/dbbab81661b0505b5a4605cb231463e3"},"headline":"Qad\u0131n se\u00e7ici v\u0259 prezident se\u00e7kil\u0259ri","datePublished":"2018-10-28T14:27:12+00:00","dateModified":"2018-10-28T14:31:12+00:00","mainEntityOfPage":{"@id":"https:\/\/knews.ge\/?p=34599"},"wordCount":719,"commentCount":0,"publisher":{"@id":"https:\/\/knews.ge\/#organization"},"image":{"@id":"https:\/\/knews.ge\/?p=34599#primaryimage"},"thumbnailUrl":"https:\/\/knews.ge\/wp-content\/uploads\/cms-image-000012661-768x495.jpg","articleSection":["\u10d0\u10e0\u10e9\u10d4\u10d5\u10dc\u10d4\u10d1\u10d8"],"inLanguage":"ka-GE","potentialAction":[{"@type":"CommentAction","name":"Comment","target":["https:\/\/knews.ge\/?p=34599#respond"]}]},{"@type":"WebPage","@id":"https:\/\/knews.ge\/?p=34599","url":"https:\/\/knews.ge\/?p=34599","name":"Qad\u0131n se\u00e7ici v\u0259 prezident se\u00e7kil\u0259ri | knews.ge","isPartOf":{"@id":"https:\/\/knews.ge\/#website"},"primaryImageOfPage":{"@id":"https:\/\/knews.ge\/?p=34599#primaryimage"},"image":{"@id":"https:\/\/knews.ge\/?p=34599#primaryimage"},"thumbnailUrl":"https:\/\/knews.ge\/wp-content\/uploads\/cms-image-000012661-768x495.jpg","datePublished":"2018-10-28T14:27:12+00:00","dateModified":"2018-10-28T14:31:12+00:00","description":"Kaxeti regionunda ya\u015fayan etnik icmada qad\u0131nlar\u0131n bir hiss\u0259si prezidentliy\u0259 namiz\u0259dl\u0259ri tan\u0131m\u0131r v\u0259 proqramlar\u0131n\u0131 bilmir. Qaracalar k\u0259ndind\u0259 ya\u015fayan Coxara","breadcrumb":{"@id":"https:\/\/knews.ge\/?p=34599#breadcrumb"},"inLanguage":"ka-GE","potentialAction":[{"@type":"ReadAction","target":["https:\/\/knews.ge\/?p=34599"]}]},{"@type":"ImageObject","inLanguage":"ka-GE","@id":"https:\/\/knews.ge\/?p=34599#primaryimage","url":"https:\/\/knews.ge\/wp-content\/uploads\/cms-image-000012661-768x495.jpg","contentUrl":"https:\/\/knews.ge\/wp-content\/uploads\/cms-image-000012661-768x495.jpg","width":768,"height":495},{"@type":"BreadcrumbList","@id":"https:\/\/knews.ge\/?p=34599#breadcrumb","itemListElement":[{"@type":"ListItem","position":1,"name":"Home","item":"https:\/\/knews.ge\/"},{"@type":"ListItem","position":2,"name":"Qad\u0131n se\u00e7ici v\u0259 prezident se\u00e7kil\u0259ri"}]},{"@type":"WebSite","@id":"https:\/\/knews.ge\/#website","url":"https:\/\/knews.ge\/","name":"knews.ge","description":"\u10d9\u10d0\u10ee\u10d4\u10d7\u10d8\u10e1 \u10ee\u10db\u10d0 \u10d8\u10dc\u10e4\u10dd\u10e0\u10db\u10d0\u10ea\u10d8\u10d8\u10e1 \u10e1\u10d0\u10dc\u10d3\u10dd \u10ec\u10e7\u10d0\u10e0\u10dd \u10d7\u10d4\u10da\u10d0\u10d5\u10e8\u10d8 , \u10d2\u10e3\u10e0\u10ef\u10d0\u10d0\u10dc\u10e8\u10d8 \u10d3\u10d0 \u10d9\u10d0\u10ee\u10d4\u10d7\u10e8\u10d8","publisher":{"@id":"https:\/\/knews.ge\/#organization"},"potentialAction":[{"@type":"SearchAction","target":{"@type":"EntryPoint","urlTemplate":"https:\/\/knews.ge\/?s={search_term_string}"},"query-input":{"@type":"PropertyValueSpecification","valueRequired":true,"valueName":"search_term_string"}}],"inLanguage":"ka-GE"},{"@type":"Organization","@id":"https:\/\/knews.ge\/#organization","name":"Knews","url":"https:\/\/knews.ge\/","logo":{"@type":"ImageObject","inLanguage":"ka-GE","@id":"https:\/\/knews.ge\/#\/schema\/logo\/image\/","url":"https:\/\/knews.ge\/wp-content\/uploads\/knews-01-with-text.png","contentUrl":"https:\/\/knews.ge\/wp-content\/uploads\/knews-01-with-text.png","width":720,"height":924,"caption":"Knews"},"image":{"@id":"https:\/\/knews.ge\/#\/schema\/logo\/image\/"},"sameAs":["https:\/\/www.facebook.com\/kakhetiskhma","https:\/\/www.linkedin.com\/company\/\u10d9\u10d0\u10ee\u10d4\u10d7\u10d8\u10e1-\u10ee\u10db\u10d0-knews-ge","https:\/\/www.youtube.com\/channel\/UCzUfDfvQO5pccbG94Qu7h0Q\/featured"]},{"@type":"Person","@id":"https:\/\/knews.ge\/#\/schema\/person\/dbbab81661b0505b5a4605cb231463e3","name":"\u10db\u10d0\u10d8\u10d0 \u10db\u10d0\u10db\u10e3\u10da\u10d0\u10e8\u10d5\u10d8\u10da\u10d8","image":{"@type":"ImageObject","inLanguage":"ka-GE","@id":"https:\/\/knews.ge\/#\/schema\/person\/image\/","url":"https:\/\/secure.gravatar.com\/avatar\/24cb56a89590357a0c96c58fcd87bcbc7f4b49c5915af388bd57b6396c3203f1?s=96&d=mm&r=g","contentUrl":"https:\/\/secure.gravatar.com\/avatar\/24cb56a89590357a0c96c58fcd87bcbc7f4b49c5915af388bd57b6396c3203f1?s=96&d=mm&r=g","caption":"\u10db\u10d0\u10d8\u10d0 \u10db\u10d0\u10db\u10e3\u10da\u10d0\u10e8\u10d5\u10d8\u10da\u10d8"},"url":"https:\/\/knews.ge\/?author=30"}]}},"_links":{"self":[{"href":"https:\/\/knews.ge\/index.php?rest_route=\/wp\/v2\/posts\/34599","targetHints":{"allow":["GET"]}}],"collection":[{"href":"https:\/\/knews.ge\/index.php?rest_route=\/wp\/v2\/posts"}],"about":[{"href":"https:\/\/knews.ge\/index.php?rest_route=\/wp\/v2\/types\/post"}],"author":[{"embeddable":true,"href":"https:\/\/knews.ge\/index.php?rest_route=\/wp\/v2\/users\/30"}],"replies":[{"embeddable":true,"href":"https:\/\/knews.ge\/index.php?rest_route=%2Fwp%2Fv2%2Fcomments&post=34599"}],"version-history":[{"count":1,"href":"https:\/\/knews.ge\/index.php?rest_route=\/wp\/v2\/posts\/34599\/revisions"}],"predecessor-version":[{"id":34600,"href":"https:\/\/knews.ge\/index.php?rest_route=\/wp\/v2\/posts\/34599\/revisions\/34600"}],"wp:featuredmedia":[{"embeddable":true,"href":"https:\/\/knews.ge\/index.php?rest_route=\/wp\/v2\/media\/33875"}],"wp:attachment":[{"href":"https:\/\/knews.ge\/index.php?rest_route=%2Fwp%2Fv2%2Fmedia&parent=34599"}],"wp:term":[{"taxonomy":"category","embeddable":true,"href":"https:\/\/knews.ge\/index.php?rest_route=%2Fwp%2Fv2%2Fcategories&post=34599"},{"taxonomy":"post_tag","embeddable":true,"href":"https:\/\/knews.ge\/index.php?rest_route=%2Fwp%2Fv2%2Ftags&post=34599"}],"curies":[{"name":"wp","href":"https:\/\/api.w.org\/{rel}","templated":true}]}}