{"id":34597,"date":"2018-10-28T18:25:08","date_gmt":"2018-10-28T14:25:08","guid":{"rendered":"http:\/\/knews.ge\/?p=34597"},"modified":"2018-10-28T18:25:08","modified_gmt":"2018-10-28T14:25:08","slug":"xalq-prezidenti-son-d%c9%99f%c9%99-secir","status":"publish","type":"post","link":"https:\/\/knews.ge\/?p=34597","title":{"rendered":"Xalq prezidenti son d\u0259f\u0259 se\u00e7ir"},"content":{"rendered":"<p>28 oktyabr tarixind\u0259 prezident se\u00e7kil\u0259ri son d\u0259f\u0259 ke\u00e7iril\u0259c\u0259k. Konstitusiyadak\u0131 yeni d\u0259yi\u015fiklikl\u0259r\u0259 \u0259sas\u0259n, 2024-c\u00fc ild\u0259 \u0259hali \u00f6lk\u0259nin birinci \u015f\u0259xsini bir ba\u015fa qayda il\u0259 se\u00e7\u0259 bilm\u0259y\u0259c\u0259k. \u00d6lk\u0259nin liderinin se\u00e7ilm\u0259sini h\u00f6kum\u0259t 300 n\u0259f\u0259rlik se\u00e7icil\u0259r kollegiyas\u0131na etibar ed\u0259c\u0259k.<\/p>\n<p><img loading=\"lazy\" decoding=\"async\" class=\"alignnone size-full wp-image-34553\" src=\"http:\/\/knews.ge\/wp-content\/uploads\/76065540-49C6-4D80-8716-0BFA66983767_cx0_cy0_cw91_w1023_r1_s.jpg\" alt=\"\" width=\"1023\" height=\"575\" srcset=\"https:\/\/knews.ge\/wp-content\/uploads\/76065540-49C6-4D80-8716-0BFA66983767_cx0_cy0_cw91_w1023_r1_s.jpg 1023w, https:\/\/knews.ge\/wp-content\/uploads\/76065540-49C6-4D80-8716-0BFA66983767_cx0_cy0_cw91_w1023_r1_s-768x432.jpg 768w\" sizes=\"auto, (max-width: 1023px) 100vw, 1023px\" \/>Qeyri h\u00f6kum\u0259t t\u0259\u015fkilatlar\u0131n\u0131n n\u00fcmay\u0259nd\u0259l\u0259ri izah edirl\u0259r ki, se\u00e7icil\u0259r kollegiyas\u0131n\u0131n t\u0259rkibini qanunvericiliy\u0259 \u0259sas\u0259n m\u0259rk\u0259zi se\u00e7ki komissiyas\u0131 m\u00fc\u0259yy\u0259n edir. Se\u00e7ki Kollegiyas\u0131na, komissiya \u00fczvl\u0259rind\u0259n ba\u015fqa parlament \u00fczvl\u0259ri v\u0259 yerli \u00f6z\u00fcn\u00fcidar\u0259 n\u00fcmay\u0259nd\u0259l\u0259ri daxil olacaqlar.\u00a0 \u201c\u018fdal\u0259tli se\u00e7kil\u0259r v\u0259 demokratiyan\u0131n beyn\u0259lxalq c\u0259miyy\u0259ti\u201d qeyri h\u00f6kum\u0259t t\u0259\u015fkilat\u0131n\u0131n h\u00fcquq\u015f\u00fcnas\u0131 Tatia Kinkladze konstitusiyaya daxil edil\u0259n d\u0259yi\u015fiklikl\u0259ri d\u0259y\u0259rl\u0259ndirir. Onun a\u00e7\u0131qlamalar\u0131na \u0259sas\u0259n 2018-ci ilin se\u00e7kil\u0259ri tarixi \u0259h\u0259miyy\u0259t\u0259 malikdir. \u00c7\u00fcnki v\u0259t\u0259nda\u015flar \u00f6lk\u0259nin liderini son d\u0259f\u0259 bir-ba\u015fa qalda il\u0259 se\u00e7\u0259 bil\u0259c\u0259kl\u0259r.<\/p>\n<p>\u201cG\u00fcrc\u00fcstan Konstitusiyas\u0131na 2017-ci ild\u0259 \u0259lav\u0259 edil\u0259n d\u0259yi\u015fiklikl\u0259r\u0259 \u0259sas\u0259n bundan sonra prezident xalq t\u0259r\u0259finid\u0259n se\u00e7ilm\u0259y\u0259c\u0259k. Bu il bir-ba\u015fa se\u00e7il\u0259n presidentin h\u00fcquq s\u0259lahiyy\u0259ti 5 il \u0259v\u0259zin\u0259 6 il olacaq.<\/p>\n<p>G\u0259l\u0259c\u0259k se\u00e7kil\u0259r\u0259 g\u0259ldikd\u0259 is\u0259, parlament idar\u0259si modelin\u0259 ke\u00e7irik. Konstitusiyaya daxil edil\u0259n yenilikl\u0259rl\u0259 prezidenti a\u00e7\u0131q s\u0259sverm\u0259 il\u0259 se\u00e7icil\u0259r kollegiyas\u0131 5 illik m\u00fcdd\u0259t\u0259 se\u00e7\u0259c\u0259k. Komisiya 300 n\u0259f\u0259r \u00fczvd\u0259n ibar\u0259t olacaq. Onlar aras\u0131nda parlament \u00fczvl\u0259ri, se\u00e7icil\u0259r komisiyyas\u0131n\u0131n dig\u0259r \u00fczvl\u0259rini is\u0259 se\u00e7ki administrasiyas\u0131 orqanik qanuna m\u00fcvafiq m\u00fc\u0259yy\u0259nl\u0259\u015fdir\u0259c\u0259k. Y\u0259ni kvotalar t\u0259sis edil\u0259c\u0259k.<\/p>\n<p>Bundan ba\u015fqa yerli \u00f6z\u00fcn\u00fcidar\u0259etm\u0259 n\u00fcmay\u0259nd\u0259liyinin t\u0259rkibind\u0259n \u00fczvl\u0259rin se\u00e7imi ba\u015f ver\u0259c\u0259k ki, onlar da se\u00e7icil\u0259r kollegiyas\u0131n\u0131n t\u0259rkibind\u0259 olsunlar.\u00a0 H\u0259r bir munisipalitet \u00fc\u00e7\u00fcn proporsial n\u00fcmay\u0259nd\u0259lik m\u00fc\u0259yy\u0259n edilmi\u015f olacaq. MSK t\u0259r\u0259find\u0259n se\u00e7icil\u0259r kollegiyas\u0131nda ne\u00e7\u0259 n\u0259f\u0259r \u00fczv\u00fcn olmas\u0131 m\u00fc\u0259yy\u0259n edil\u0259c\u0259k\u201d \u2013 bildirdi knews.ge-y\u0259 Tatia Kinkladze<\/p>\n<p>Politoloq Xatuna Laqazidze is\u0259 izah edir ki, prezidentin \u00e7oxpartiyal\u0131 parlament t\u0259r\u0259find\u0259n bir-ba\u015fa olmayacaq se\u00e7ilm\u0259si, prezident se\u00e7kil\u0259ri \u00fc\u00e7\u00fcn x\u0259rcl\u0259n\u0259n m\u0259bl\u0259\u011fi q\u0259na\u0259t ed\u0259c\u0259k. El\u0259 onun izah\u0131na \u0259sas\u0259n, \u0259g\u0259r parlament bir partiyal\u0131 olacaqsa bu m\u00fc\u0259yy\u0259n naraz\u0131l\u0131qlar v\u0259 probleml\u0259r yaradacaq.<\/p>\n<p>`Sonrak\u0131 prezidentin se\u00e7kil\u0259rinec\u0259 bir parlamentin olmas\u0131ndan asl\u0131 olacaq.\u00a0 \u018fg\u0259r parlament \u00e7oxpartiyal\u0131 olacaqsa, o zaman prezidentin se\u00e7icil\u0259r kollegiyas\u0131 t\u0259r\u0259find\u0259n se\u00e7ilm\u0259si h\u0259qiq\u0259t\u0259n d\u0259 optimal qayda olacaq. Bel\u0259 ki, se\u00e7kil\u0259rin ke\u00e7irilm\u0259sin\u0259 maliyy\u0259 d\u0259 x\u0259rcl\u0259nm\u0259y\u0259c\u0259k. \u00c7ox partiyal\u0131 parlamentd\u0259 is\u0259 imkan olacaq ki, prezidenti t\u0259yin etm\u0259sinl\u0259r, se\u00e7sinl\u0259r. Y\u0259ni f\u0259rqli insanlar m\u0259cbur olacaqlar ki, vahid namiz\u0259d haqq\u0131nda raz\u0131l\u0131\u011fa g\u0259lsinl\u0259r. \u018fg\u0259r yen\u0259 bir partiyal\u0131 parlament olacaqsa, bir siyasi m\u0259rk\u0259z\u0259d\u0259n idar\u0259 olunan q\u00fcvv\u0259l\u0259r olacaqsa, bel\u0259 halda bu yolla se\u00e7il\u0259n prezident \u00f6lk\u0259 \u00fc\u00e7\u00fcn ciddi geril\u0259yi\u015f olacaq\u201d &#8211; bildirdi knews.ge-y\u0259 Xatuna Laqazidze.<\/p>\n<p>Kaxeli se\u00e7icil\u0259r bildirirl\u0259r ki, bu m\u0259s\u0259l\u0259 il\u0259 \u0259laq\u0259li he\u00e7 kim onlardan fikir soru\u015fmay\u0131b. Onlar\u0131n dediyin\u0259 g\u00f6r\u0259, parlament idar\u0259sin\u0259 ke\u00e7m\u0259k v\u0259 przidentin bir-ba\u015fa se\u00e7im\u0259sinin l\u0259\u011fv olunmas\u0131 \u0259hali v\u0259 qeyri-h\u00f6kum\u0259t t\u0259\u015fkilatlar\u0131n\u0131n fikrinin n\u0259z\u0259r\u0259 al\u0131nmas\u0131 il\u0259 h\u0259yata ke\u00e7irilm\u0259li idi.<\/p>\n<p>\u201cH\u00f6kum\u0259t h\u0259r \u015fey\u0259 bir s\u0259sl\u0259 el\u0259 q\u0259rar verdi ki, n\u0259 siyasi partiyalar\u0131n n\u0259 d\u0259 ki, qeyri-h\u00f6kum\u0259t t\u0259\u015fkilatlar\u0131n\u0131n n\u00fcmay\u0259nd\u0259l\u0259rinin fikrini soru\u015fulmad\u0131.Bel\u0259 ciddi q\u0259rara q\u0259d\u0259r, \u0259vv\u0259l ictimai fikri t\u0259dqiqat\u0131 apar\u0131lmal\u0131 idi. Bu \u00f6lk\u0259d\u0259 \u0259halinin fikirin\u0259 he\u00e7 kim diqq\u0259t yetirmir. Buna g\u00f6r\u0259 d\u0259 se\u00e7kil\u0259r ke\u00e7iril\u0259c\u0259k ya ke\u00e7irilm\u0259y\u0259c\u0259k bunun q\u0259rarverici vacibliyi yoxdur.\u00a0 Bel\u0259 ki, iqtidar partiyas\u0131n\u0131n namiz\u0259di h\u0259mi\u015f\u0259 qalib g\u0259lir\u201d &#8211;\u00a0 bildirdi knews.ge-y\u0259 qurcaanl\u0131 Liana Xela\u015fvili.<\/p>\n<p>Prezident se\u00e7kil\u0259rind\u0259n ba\u015fqa, 2024-c\u00fc ild\u0259n majoritar se\u00e7ki sistemi d\u0259 l\u0259\u011fv olunur v\u0259 parlament yaln\u0131z proporsional sisteml\u0259 se\u00e7ilmi\u015f 150 n\u0259f\u0259r \u00fczvd\u0259n ibar\u0259t olacaq.<\/p>\n","protected":false},"excerpt":{"rendered":"<p>28 oktyabr tarixind\u0259 prezident se\u00e7kil\u0259ri son d\u0259f\u0259 ke\u00e7iril\u0259c\u0259k. Konstitusiyadak\u0131 yeni d\u0259yi\u015fiklikl\u0259r\u0259 \u0259sas\u0259n, 2024-c\u00fc ild\u0259 \u0259hali \u00f6lk\u0259nin birinci \u015f\u0259xsini bir ba\u015fa<\/p>\n","protected":false},"author":30,"featured_media":34536,"comment_status":"open","ping_status":"open","sticky":false,"template":"","format":"standard","meta":{"colormag_page_layout":"default_layout","_monsterinsights_skip_tracking":false,"_monsterinsights_sitenote_active":false,"_monsterinsights_sitenote_note":"","_monsterinsights_sitenote_category":0,"footnotes":""},"categories":[30],"tags":[],"class_list":["post-34597","post","type-post","status-publish","format-standard","has-post-thumbnail","hentry","category-election"],"yoast_head":"<!-- This site is optimized with the Yoast SEO plugin v26.1.1 - https:\/\/yoast.com\/wordpress\/plugins\/seo\/ -->\n<title>Xalq prezidenti son d\u0259f\u0259 se\u00e7ir | knews.ge<\/title>\n<meta name=\"description\" content=\"28 oktyabr tarixind\u0259 prezident se\u00e7kil\u0259ri son d\u0259f\u0259 ke\u00e7iril\u0259c\u0259k. Konstitusiyadak\u0131 yeni d\u0259yi\u015fiklikl\u0259r\u0259 \u0259sas\u0259n, 2024-c\u00fc ild\u0259 \u0259hali \u00f6lk\u0259nin birinci \u015f\u0259xsini bir\" \/>\n<meta name=\"robots\" content=\"index, follow, max-snippet:-1, max-image-preview:large, max-video-preview:-1\" \/>\n<link rel=\"canonical\" href=\"https:\/\/knews.ge\/?p=34597\" \/>\n<meta property=\"og:locale\" content=\"ka_GE\" \/>\n<meta property=\"og:type\" content=\"article\" \/>\n<meta property=\"og:title\" content=\"Xalq prezidenti son d\u0259f\u0259 se\u00e7ir | knews.ge\" \/>\n<meta property=\"og:description\" content=\"28 oktyabr tarixind\u0259 prezident se\u00e7kil\u0259ri son d\u0259f\u0259 ke\u00e7iril\u0259c\u0259k. Konstitusiyadak\u0131 yeni d\u0259yi\u015fiklikl\u0259r\u0259 \u0259sas\u0259n, 2024-c\u00fc ild\u0259 \u0259hali \u00f6lk\u0259nin birinci \u015f\u0259xsini bir\" \/>\n<meta property=\"og:url\" content=\"https:\/\/knews.ge\/?p=34597\" \/>\n<meta property=\"og:site_name\" content=\"knews.ge\" \/>\n<meta property=\"article:publisher\" content=\"https:\/\/www.facebook.com\/kakhetiskhma\" \/>\n<meta property=\"article:published_time\" content=\"2018-10-28T14:25:08+00:00\" \/>\n<meta property=\"og:image\" content=\"https:\/\/knews.ge\/wp-content\/uploads\/untitled-design-2.jpg\" \/>\n\t<meta property=\"og:image:width\" content=\"840\" \/>\n\t<meta property=\"og:image:height\" content=\"559\" \/>\n\t<meta property=\"og:image:type\" content=\"image\/jpeg\" \/>\n<meta name=\"author\" content=\"\u10db\u10d0\u10d8\u10d0 \u10db\u10d0\u10db\u10e3\u10da\u10d0\u10e8\u10d5\u10d8\u10da\u10d8\" \/>\n<meta name=\"twitter:card\" content=\"summary_large_image\" \/>\n<meta name=\"twitter:label1\" content=\"Written by\" \/>\n\t<meta name=\"twitter:data1\" content=\"\u10db\u10d0\u10d8\u10d0 \u10db\u10d0\u10db\u10e3\u10da\u10d0\u10e8\u10d5\u10d8\u10da\u10d8\" \/>\n\t<meta name=\"twitter:label2\" content=\"Est. reading time\" \/>\n\t<meta name=\"twitter:data2\" content=\"4 \u10ec\u10e3\u10d7\u10d8\" \/>\n<!-- \/ Yoast SEO plugin. -->","yoast_head_json":{"title":"Xalq prezidenti son d\u0259f\u0259 se\u00e7ir | knews.ge","description":"28 oktyabr tarixind\u0259 prezident se\u00e7kil\u0259ri son d\u0259f\u0259 ke\u00e7iril\u0259c\u0259k. Konstitusiyadak\u0131 yeni d\u0259yi\u015fiklikl\u0259r\u0259 \u0259sas\u0259n, 2024-c\u00fc ild\u0259 \u0259hali \u00f6lk\u0259nin birinci \u015f\u0259xsini bir","robots":{"index":"index","follow":"follow","max-snippet":"max-snippet:-1","max-image-preview":"max-image-preview:large","max-video-preview":"max-video-preview:-1"},"canonical":"https:\/\/knews.ge\/?p=34597","og_locale":"ka_GE","og_type":"article","og_title":"Xalq prezidenti son d\u0259f\u0259 se\u00e7ir | knews.ge","og_description":"28 oktyabr tarixind\u0259 prezident se\u00e7kil\u0259ri son d\u0259f\u0259 ke\u00e7iril\u0259c\u0259k. Konstitusiyadak\u0131 yeni d\u0259yi\u015fiklikl\u0259r\u0259 \u0259sas\u0259n, 2024-c\u00fc ild\u0259 \u0259hali \u00f6lk\u0259nin birinci \u015f\u0259xsini bir","og_url":"https:\/\/knews.ge\/?p=34597","og_site_name":"knews.ge","article_publisher":"https:\/\/www.facebook.com\/kakhetiskhma","article_published_time":"2018-10-28T14:25:08+00:00","og_image":[{"width":840,"height":559,"url":"https:\/\/knews.ge\/wp-content\/uploads\/untitled-design-2.jpg","type":"image\/jpeg"}],"author":"\u10db\u10d0\u10d8\u10d0 \u10db\u10d0\u10db\u10e3\u10da\u10d0\u10e8\u10d5\u10d8\u10da\u10d8","twitter_card":"summary_large_image","twitter_misc":{"Written by":"\u10db\u10d0\u10d8\u10d0 \u10db\u10d0\u10db\u10e3\u10da\u10d0\u10e8\u10d5\u10d8\u10da\u10d8","Est. reading time":"4 \u10ec\u10e3\u10d7\u10d8"},"schema":{"@context":"https:\/\/schema.org","@graph":[{"@type":"NewsArticle","@id":"https:\/\/knews.ge\/?p=34597#article","isPartOf":{"@id":"https:\/\/knews.ge\/?p=34597"},"author":{"name":"\u10db\u10d0\u10d8\u10d0 \u10db\u10d0\u10db\u10e3\u10da\u10d0\u10e8\u10d5\u10d8\u10da\u10d8","@id":"https:\/\/knews.ge\/#\/schema\/person\/dbbab81661b0505b5a4605cb231463e3"},"headline":"Xalq prezidenti son d\u0259f\u0259 se\u00e7ir","datePublished":"2018-10-28T14:25:08+00:00","mainEntityOfPage":{"@id":"https:\/\/knews.ge\/?p=34597"},"wordCount":809,"commentCount":0,"publisher":{"@id":"https:\/\/knews.ge\/#organization"},"image":{"@id":"https:\/\/knews.ge\/?p=34597#primaryimage"},"thumbnailUrl":"https:\/\/knews.ge\/wp-content\/uploads\/untitled-design-2.jpg","articleSection":["\u10d0\u10e0\u10e9\u10d4\u10d5\u10dc\u10d4\u10d1\u10d8"],"inLanguage":"ka-GE","potentialAction":[{"@type":"CommentAction","name":"Comment","target":["https:\/\/knews.ge\/?p=34597#respond"]}]},{"@type":"WebPage","@id":"https:\/\/knews.ge\/?p=34597","url":"https:\/\/knews.ge\/?p=34597","name":"Xalq prezidenti son d\u0259f\u0259 se\u00e7ir | knews.ge","isPartOf":{"@id":"https:\/\/knews.ge\/#website"},"primaryImageOfPage":{"@id":"https:\/\/knews.ge\/?p=34597#primaryimage"},"image":{"@id":"https:\/\/knews.ge\/?p=34597#primaryimage"},"thumbnailUrl":"https:\/\/knews.ge\/wp-content\/uploads\/untitled-design-2.jpg","datePublished":"2018-10-28T14:25:08+00:00","description":"28 oktyabr tarixind\u0259 prezident se\u00e7kil\u0259ri son d\u0259f\u0259 ke\u00e7iril\u0259c\u0259k. Konstitusiyadak\u0131 yeni d\u0259yi\u015fiklikl\u0259r\u0259 \u0259sas\u0259n, 2024-c\u00fc ild\u0259 \u0259hali \u00f6lk\u0259nin birinci \u015f\u0259xsini bir","breadcrumb":{"@id":"https:\/\/knews.ge\/?p=34597#breadcrumb"},"inLanguage":"ka-GE","potentialAction":[{"@type":"ReadAction","target":["https:\/\/knews.ge\/?p=34597"]}]},{"@type":"ImageObject","inLanguage":"ka-GE","@id":"https:\/\/knews.ge\/?p=34597#primaryimage","url":"https:\/\/knews.ge\/wp-content\/uploads\/untitled-design-2.jpg","contentUrl":"https:\/\/knews.ge\/wp-content\/uploads\/untitled-design-2.jpg","width":840,"height":559},{"@type":"BreadcrumbList","@id":"https:\/\/knews.ge\/?p=34597#breadcrumb","itemListElement":[{"@type":"ListItem","position":1,"name":"Home","item":"https:\/\/knews.ge\/"},{"@type":"ListItem","position":2,"name":"Xalq prezidenti son d\u0259f\u0259 se\u00e7ir"}]},{"@type":"WebSite","@id":"https:\/\/knews.ge\/#website","url":"https:\/\/knews.ge\/","name":"knews.ge","description":"\u10d9\u10d0\u10ee\u10d4\u10d7\u10d8\u10e1 \u10ee\u10db\u10d0 \u10d8\u10dc\u10e4\u10dd\u10e0\u10db\u10d0\u10ea\u10d8\u10d8\u10e1 \u10e1\u10d0\u10dc\u10d3\u10dd \u10ec\u10e7\u10d0\u10e0\u10dd \u10d7\u10d4\u10da\u10d0\u10d5\u10e8\u10d8 , \u10d2\u10e3\u10e0\u10ef\u10d0\u10d0\u10dc\u10e8\u10d8 \u10d3\u10d0 \u10d9\u10d0\u10ee\u10d4\u10d7\u10e8\u10d8","publisher":{"@id":"https:\/\/knews.ge\/#organization"},"potentialAction":[{"@type":"SearchAction","target":{"@type":"EntryPoint","urlTemplate":"https:\/\/knews.ge\/?s={search_term_string}"},"query-input":{"@type":"PropertyValueSpecification","valueRequired":true,"valueName":"search_term_string"}}],"inLanguage":"ka-GE"},{"@type":"Organization","@id":"https:\/\/knews.ge\/#organization","name":"Knews","url":"https:\/\/knews.ge\/","logo":{"@type":"ImageObject","inLanguage":"ka-GE","@id":"https:\/\/knews.ge\/#\/schema\/logo\/image\/","url":"https:\/\/knews.ge\/wp-content\/uploads\/knews-01-with-text.png","contentUrl":"https:\/\/knews.ge\/wp-content\/uploads\/knews-01-with-text.png","width":720,"height":924,"caption":"Knews"},"image":{"@id":"https:\/\/knews.ge\/#\/schema\/logo\/image\/"},"sameAs":["https:\/\/www.facebook.com\/kakhetiskhma","https:\/\/www.linkedin.com\/company\/\u10d9\u10d0\u10ee\u10d4\u10d7\u10d8\u10e1-\u10ee\u10db\u10d0-knews-ge","https:\/\/www.youtube.com\/channel\/UCzUfDfvQO5pccbG94Qu7h0Q\/featured"]},{"@type":"Person","@id":"https:\/\/knews.ge\/#\/schema\/person\/dbbab81661b0505b5a4605cb231463e3","name":"\u10db\u10d0\u10d8\u10d0 \u10db\u10d0\u10db\u10e3\u10da\u10d0\u10e8\u10d5\u10d8\u10da\u10d8","image":{"@type":"ImageObject","inLanguage":"ka-GE","@id":"https:\/\/knews.ge\/#\/schema\/person\/image\/","url":"https:\/\/secure.gravatar.com\/avatar\/24cb56a89590357a0c96c58fcd87bcbc7f4b49c5915af388bd57b6396c3203f1?s=96&d=mm&r=g","contentUrl":"https:\/\/secure.gravatar.com\/avatar\/24cb56a89590357a0c96c58fcd87bcbc7f4b49c5915af388bd57b6396c3203f1?s=96&d=mm&r=g","caption":"\u10db\u10d0\u10d8\u10d0 \u10db\u10d0\u10db\u10e3\u10da\u10d0\u10e8\u10d5\u10d8\u10da\u10d8"},"url":"https:\/\/knews.ge\/?author=30"}]}},"_links":{"self":[{"href":"https:\/\/knews.ge\/index.php?rest_route=\/wp\/v2\/posts\/34597","targetHints":{"allow":["GET"]}}],"collection":[{"href":"https:\/\/knews.ge\/index.php?rest_route=\/wp\/v2\/posts"}],"about":[{"href":"https:\/\/knews.ge\/index.php?rest_route=\/wp\/v2\/types\/post"}],"author":[{"embeddable":true,"href":"https:\/\/knews.ge\/index.php?rest_route=\/wp\/v2\/users\/30"}],"replies":[{"embeddable":true,"href":"https:\/\/knews.ge\/index.php?rest_route=%2Fwp%2Fv2%2Fcomments&post=34597"}],"version-history":[{"count":1,"href":"https:\/\/knews.ge\/index.php?rest_route=\/wp\/v2\/posts\/34597\/revisions"}],"predecessor-version":[{"id":34598,"href":"https:\/\/knews.ge\/index.php?rest_route=\/wp\/v2\/posts\/34597\/revisions\/34598"}],"wp:featuredmedia":[{"embeddable":true,"href":"https:\/\/knews.ge\/index.php?rest_route=\/wp\/v2\/media\/34536"}],"wp:attachment":[{"href":"https:\/\/knews.ge\/index.php?rest_route=%2Fwp%2Fv2%2Fmedia&parent=34597"}],"wp:term":[{"taxonomy":"category","embeddable":true,"href":"https:\/\/knews.ge\/index.php?rest_route=%2Fwp%2Fv2%2Fcategories&post=34597"},{"taxonomy":"post_tag","embeddable":true,"href":"https:\/\/knews.ge\/index.php?rest_route=%2Fwp%2Fv2%2Ftags&post=34597"}],"curies":[{"name":"wp","href":"https:\/\/api.w.org\/{rel}","templated":true}]}}