{"id":34595,"date":"2018-10-28T18:21:46","date_gmt":"2018-10-28T14:21:46","guid":{"rendered":"http:\/\/knews.ge\/?p=34595"},"modified":"2018-10-28T18:23:07","modified_gmt":"2018-10-28T14:23:07","slug":"prezident-haminin-gurcunun-d%c9%99-milli-azliq-numay%c9%99nd%c9%99sinin-d%c9%99prezidenti-olmalidir","status":"publish","type":"post","link":"https:\/\/knews.ge\/?p=34595","title":{"rendered":"Prezident ham\u0131n\u0131n, g\u00fcrc\u00fcn\u00fcn d\u0259, milli azl\u0131q n\u00fcmay\u0259nd\u0259sinin d\u0259prezidenti olmal\u0131d\u0131r"},"content":{"rendered":"<p>Telavi munisipalitetinin Qaracalar k\u0259ndind\u0259 ya\u015fayan milli azl\u0131qlar\u0131n n\u00fcmay\u0259nd\u0259l\u0259rinin \u0259ks\u0259riyy\u0259ti se\u00e7kil\u0259r haqq\u0131nda m\u0259lumatl\u0131 deyill\u0259r. Sor\u011fu apar\u0131lan \u015f\u0259xsl\u0259rin \u0259ks\u0259riyy\u0259tinin dediyin\u0259 \u0259sas\u0259n onlara he\u00e7\u00a0 kim m\u0259lumat verm\u0259yib.<\/p>\n<p>\u201cBilmir\u0259m hans\u0131 se\u00e7kil\u0259r g\u0259lir. Bizim yan\u0131m\u0131za he\u00e7 kim g\u0259lm\u0259yib v\u0259 he\u00e7n\u0259 dem\u0259yib. G\u00f6r\u00fc\u015fl\u0259r\u0259 d\u0259 tez-tez g\u0259lmirl\u0259r ki, n\u0259s\u0259 m\u0259lumat alaq. Namiz\u0259dl\u0259r d\u0259 bilmirik kiml\u0259rdir. G\u00fcrc\u00fc dilini d\u0259 yax\u015f\u0131 ba\u015fa d\u00fc\u015fm\u00fcr\u00fck\u201d \u2013 bildirdi knews.ge-y\u0259 Qaracalarda ya\u015fayan, ad\u0131n\u0131 bildirm\u0259k ist\u0259m\u0259y\u0259n xan\u0131m.<\/p>\n<p>\u201cPrezidentliy\u0259 namiz\u0259dl\u0259ri &#8211; Salome Zurabi\u015fvilini, Davit Bakradzeni, Kaxa Kukavan\u0131 tan\u0131y\u0131ram. Ba\u015fqalar\u0131 yad\u0131ma d\u00fc\u015fm\u00fcr.\u00a0 \u018fsas\u0259n m\u0259lumat\u0131 televizordan al\u0131ram\u201d\u00a0 &#8211; \u2013 bildirdi knews.ge-y\u0259 qaracal\u0131l\u0131 Nana Sabanadze<\/p>\n<p>Qaracalal\u0131lar\u0131n bir hiss\u0259si bildirir ki, hakimiyy\u0259tin n\u00fcmay\u0259nd\u0259l\u0259ri d\u0259, m\u00fcxalif\u0259t partiyalar\u0131n\u0131n n\u00fcmay\u0259nd\u0259l\u0259ri kimi onlarla g\u00f6r\u00fc\u015fl\u0259r ke\u00e7irmirl\u0259r. Onlar\u0131n dedikl\u0259rin\u0259 \u0259sas\u0259n, g\u00fcrc\u00fcl\u0259r ya\u015fayan yerl\u0259r\u0259 h\u0259r g\u00fcn gedirl\u0259r, lakin onlarla tez-tez g\u00f6r\u00fc\u015f ke\u00e7irmirl\u0259r. Onlar\u0131n dedikl\u0259rin\u0259 g\u00f6r\u0259 bu bax\u0131mdan m\u00f6vcud olan v\u0259ziyy\u0259t v\u0259 probleml\u0259rin h\u0259llinin qeydin\u0259 yeni prezident qalmal\u0131d\u0131r.<\/p>\n<p>\u201cBiz\u0259 tatar deyirl\u0259r v\u0259 ba\u015fqalar\u0131ndan se\u00e7irl\u0259r. Siyas\u0259t\u00e7il\u0259r\u00a0 biziml\u0259 g\u00f6r\u00fc\u015fm\u0259k \u00fc\u00e7\u00fcn k\u0259nd\u0259 d\u0259 nadir halda g\u0259lirl\u0259r. Ba\u015fqa k\u0259ndl\u0259 ki\u00e7ik bir davam\u0131z oldu v\u0259 g\u00fcnahkar onlar idi. Lakin biz\u0259 dedil\u0259r ki siz tatarlars\u0131n\u0131z v\u0259 polis bizim t\u0259r\u0259fimizi tutmad\u0131. D\u00fc\u015f\u00fcn\u00fcr\u0259m ki, yeni prezident xalqa diqq\u0259t yetirm\u0259lidir.\u00a0 Xalqa h\u00f6rm\u0259t etm\u0259lidir v\u0259 onlar\u0131n prezidenti olmal\u0131d\u0131r. G\u00fcrc\u00fc v\u0259 milli azl\u0131qlar\u0131 bir birind\u0259n se\u00e7m\u0259m\u0259lidir\u201d &#8211; bildirdi knews.ge-y\u0259 Qaracalarda ya\u015fayan Qo\u00e7a Piriyev.<\/p>\n<p>Qaracalal\u0131 Levan \u018fll\u0259zov bildirir ki, yerlil\u0259rin \u0259ks\u0259riyy\u0259ti se\u00e7kil\u0259r\u0259 getm\u0259yi v\u0259 i\u015f yerl\u0259rini yaradaca\u011f\u0131na s\u00f6z ver\u0259n namiz\u0259d\u0259 s\u0259s verm\u0259yi planla\u015fd\u0131r\u0131r.<\/p>\n<p>\u201cSe\u00e7kil\u0259r\u0259 ged\u0259c\u0259yik v\u0259 bizim xalq \u00fc\u00e7\u00fcn xeyirli olan i\u015fi ed\u0259c\u0259k namiz\u0259d\u0259 s\u0259s ver\u0259c\u0259yik. O, i\u015fl\u0259m\u0259lidir ki, o\u011fruluq v\u0259 d\u0259l\u0259duzluq aradan qalxs\u0131n. \u0130\u015f yerl\u0259ri a\u00e7mal\u0131d\u0131r. Burada i\u015f yeri olmamal\u0131d\u0131rm\u0131? 30 ya\u015f\u0131m var v\u0259 T\u00fckiy\u0259y\u0259 gedir\u0259m ki, i\u015f tap\u0131m. \u018fvv\u0259lki prezident probleml\u0259rin h\u0259ll edilm\u0259sin\u0259 s\u00f6z verdi. S\u0259s ver\u0259nd\u0259n sonra is\u0259 onu g\u00f6z\u00fcm\u00fczl\u0259 bel\u0259 g\u00f6rm\u0259mi\u015fik. \u00dcmid edirik ki yeni prezident biz\u0259 diqq\u0259t ay\u0131racaq.\u201d<\/p>\n<p>&nbsp;<\/p>\n<p>Qaracalarda ya\u015fayan E\u015f\u0259n Duniyev bildirir ki, yeni prezident g\u0259ncl\u0259rin probleml\u0259rinin h\u0259lli \u00fcz\u0259rind\u0259 daha art\u0131q i\u015fl\u0259m\u0259lidir.<\/p>\n<p>\u201cPrezident se\u00e7kil\u0259ri yax\u0131nla\u015f\u0131r v\u0259 prezident se\u00e7m\u0259liyik. O, g\u0259ncl\u0259rin probleml\u0259rini h\u0259ll etm\u0259lidir. \u0130dman zallar\u0131n\u0131n, ictimai, t\u0259hsil v\u0259 m\u0259d\u0259ni m\u0259rk\u0259zl\u0259rin a\u015f\u0131lmas\u0131nda yard\u0131m etm\u0259lidir\u201d &#8211; bildirdi knews.ge-y\u0259 E\u015f\u0259n Duniyev<\/p>\n<p>&nbsp;<\/p>\n<p>&nbsp;<\/p>\n","protected":false},"excerpt":{"rendered":"<p>Telavi munisipalitetinin Qaracalar k\u0259ndind\u0259 ya\u015fayan milli azl\u0131qlar\u0131n n\u00fcmay\u0259nd\u0259l\u0259rinin \u0259ks\u0259riyy\u0259ti se\u00e7kil\u0259r haqq\u0131nda m\u0259lumatl\u0131 deyill\u0259r. Sor\u011fu apar\u0131lan \u015f\u0259xsl\u0259rin \u0259ks\u0259riyy\u0259tinin dediyin\u0259 \u0259sas\u0259n onlara<\/p>\n","protected":false},"author":30,"featured_media":34441,"comment_status":"open","ping_status":"open","sticky":false,"template":"","format":"standard","meta":{"colormag_page_layout":"default_layout","_monsterinsights_skip_tracking":false,"_monsterinsights_sitenote_active":false,"_monsterinsights_sitenote_note":"","_monsterinsights_sitenote_category":0,"footnotes":""},"categories":[30],"tags":[],"class_list":["post-34595","post","type-post","status-publish","format-standard","has-post-thumbnail","hentry","category-election"],"yoast_head":"<!-- This site is optimized with the Yoast SEO plugin v26.1.1 - https:\/\/yoast.com\/wordpress\/plugins\/seo\/ -->\n<title>Prezident ham\u0131n\u0131n, g\u00fcrc\u00fcn\u00fcn d\u0259, milli azl\u0131q n\u00fcmay\u0259nd\u0259sinin d\u0259prezidenti olmal\u0131d\u0131r | knews.ge<\/title>\n<meta name=\"description\" content=\"Telavi munisipalitetinin Qaracalar k\u0259ndind\u0259 ya\u015fayan milli azl\u0131qlar\u0131n n\u00fcmay\u0259nd\u0259l\u0259rinin \u0259ks\u0259riyy\u0259ti se\u00e7kil\u0259r haqq\u0131nda m\u0259lumatl\u0131 deyill\u0259r. Sor\u011fu apar\u0131lan\" \/>\n<meta name=\"robots\" content=\"index, follow, max-snippet:-1, max-image-preview:large, max-video-preview:-1\" \/>\n<link rel=\"canonical\" href=\"https:\/\/knews.ge\/?p=34595\" \/>\n<meta property=\"og:locale\" content=\"ka_GE\" \/>\n<meta property=\"og:type\" content=\"article\" \/>\n<meta property=\"og:title\" content=\"Prezident ham\u0131n\u0131n, g\u00fcrc\u00fcn\u00fcn d\u0259, milli azl\u0131q n\u00fcmay\u0259nd\u0259sinin d\u0259prezidenti olmal\u0131d\u0131r | knews.ge\" \/>\n<meta property=\"og:description\" content=\"Telavi munisipalitetinin Qaracalar k\u0259ndind\u0259 ya\u015fayan milli azl\u0131qlar\u0131n n\u00fcmay\u0259nd\u0259l\u0259rinin \u0259ks\u0259riyy\u0259ti se\u00e7kil\u0259r haqq\u0131nda m\u0259lumatl\u0131 deyill\u0259r. Sor\u011fu apar\u0131lan\" \/>\n<meta property=\"og:url\" content=\"https:\/\/knews.ge\/?p=34595\" \/>\n<meta property=\"og:site_name\" content=\"knews.ge\" \/>\n<meta property=\"article:publisher\" content=\"https:\/\/www.facebook.com\/kakhetiskhma\" \/>\n<meta property=\"article:published_time\" content=\"2018-10-28T14:21:46+00:00\" \/>\n<meta property=\"article:modified_time\" content=\"2018-10-28T14:23:07+00:00\" \/>\n<meta property=\"og:image\" content=\"https:\/\/knews.ge\/wp-content\/uploads\/IMG_0820.jpg\" \/>\n\t<meta property=\"og:image:width\" content=\"800\" \/>\n\t<meta property=\"og:image:height\" content=\"533\" \/>\n\t<meta property=\"og:image:type\" content=\"image\/jpeg\" \/>\n<meta name=\"author\" content=\"\u10db\u10d0\u10d8\u10d0 \u10db\u10d0\u10db\u10e3\u10da\u10d0\u10e8\u10d5\u10d8\u10da\u10d8\" \/>\n<meta name=\"twitter:card\" content=\"summary_large_image\" \/>\n<meta name=\"twitter:label1\" content=\"Written by\" \/>\n\t<meta name=\"twitter:data1\" content=\"\u10db\u10d0\u10d8\u10d0 \u10db\u10d0\u10db\u10e3\u10da\u10d0\u10e8\u10d5\u10d8\u10da\u10d8\" \/>\n\t<meta name=\"twitter:label2\" content=\"Est. reading time\" \/>\n\t<meta name=\"twitter:data2\" content=\"3 \u10ec\u10e3\u10d7\u10d8\" \/>\n<!-- \/ Yoast SEO plugin. -->","yoast_head_json":{"title":"Prezident ham\u0131n\u0131n, g\u00fcrc\u00fcn\u00fcn d\u0259, milli azl\u0131q n\u00fcmay\u0259nd\u0259sinin d\u0259prezidenti olmal\u0131d\u0131r | knews.ge","description":"Telavi munisipalitetinin Qaracalar k\u0259ndind\u0259 ya\u015fayan milli azl\u0131qlar\u0131n n\u00fcmay\u0259nd\u0259l\u0259rinin \u0259ks\u0259riyy\u0259ti se\u00e7kil\u0259r haqq\u0131nda m\u0259lumatl\u0131 deyill\u0259r. Sor\u011fu apar\u0131lan","robots":{"index":"index","follow":"follow","max-snippet":"max-snippet:-1","max-image-preview":"max-image-preview:large","max-video-preview":"max-video-preview:-1"},"canonical":"https:\/\/knews.ge\/?p=34595","og_locale":"ka_GE","og_type":"article","og_title":"Prezident ham\u0131n\u0131n, g\u00fcrc\u00fcn\u00fcn d\u0259, milli azl\u0131q n\u00fcmay\u0259nd\u0259sinin d\u0259prezidenti olmal\u0131d\u0131r | knews.ge","og_description":"Telavi munisipalitetinin Qaracalar k\u0259ndind\u0259 ya\u015fayan milli azl\u0131qlar\u0131n n\u00fcmay\u0259nd\u0259l\u0259rinin \u0259ks\u0259riyy\u0259ti se\u00e7kil\u0259r haqq\u0131nda m\u0259lumatl\u0131 deyill\u0259r. Sor\u011fu apar\u0131lan","og_url":"https:\/\/knews.ge\/?p=34595","og_site_name":"knews.ge","article_publisher":"https:\/\/www.facebook.com\/kakhetiskhma","article_published_time":"2018-10-28T14:21:46+00:00","article_modified_time":"2018-10-28T14:23:07+00:00","og_image":[{"width":800,"height":533,"url":"https:\/\/knews.ge\/wp-content\/uploads\/IMG_0820.jpg","type":"image\/jpeg"}],"author":"\u10db\u10d0\u10d8\u10d0 \u10db\u10d0\u10db\u10e3\u10da\u10d0\u10e8\u10d5\u10d8\u10da\u10d8","twitter_card":"summary_large_image","twitter_misc":{"Written by":"\u10db\u10d0\u10d8\u10d0 \u10db\u10d0\u10db\u10e3\u10da\u10d0\u10e8\u10d5\u10d8\u10da\u10d8","Est. reading time":"3 \u10ec\u10e3\u10d7\u10d8"},"schema":{"@context":"https:\/\/schema.org","@graph":[{"@type":"NewsArticle","@id":"https:\/\/knews.ge\/?p=34595#article","isPartOf":{"@id":"https:\/\/knews.ge\/?p=34595"},"author":{"name":"\u10db\u10d0\u10d8\u10d0 \u10db\u10d0\u10db\u10e3\u10da\u10d0\u10e8\u10d5\u10d8\u10da\u10d8","@id":"https:\/\/knews.ge\/#\/schema\/person\/dbbab81661b0505b5a4605cb231463e3"},"headline":"Prezident ham\u0131n\u0131n, g\u00fcrc\u00fcn\u00fcn d\u0259, milli azl\u0131q n\u00fcmay\u0259nd\u0259sinin d\u0259prezidenti olmal\u0131d\u0131r","datePublished":"2018-10-28T14:21:46+00:00","dateModified":"2018-10-28T14:23:07+00:00","mainEntityOfPage":{"@id":"https:\/\/knews.ge\/?p=34595"},"wordCount":593,"commentCount":0,"publisher":{"@id":"https:\/\/knews.ge\/#organization"},"image":{"@id":"https:\/\/knews.ge\/?p=34595#primaryimage"},"thumbnailUrl":"https:\/\/knews.ge\/wp-content\/uploads\/IMG_0820.jpg","articleSection":["\u10d0\u10e0\u10e9\u10d4\u10d5\u10dc\u10d4\u10d1\u10d8"],"inLanguage":"ka-GE","potentialAction":[{"@type":"CommentAction","name":"Comment","target":["https:\/\/knews.ge\/?p=34595#respond"]}]},{"@type":"WebPage","@id":"https:\/\/knews.ge\/?p=34595","url":"https:\/\/knews.ge\/?p=34595","name":"Prezident ham\u0131n\u0131n, g\u00fcrc\u00fcn\u00fcn d\u0259, milli azl\u0131q n\u00fcmay\u0259nd\u0259sinin d\u0259prezidenti olmal\u0131d\u0131r | knews.ge","isPartOf":{"@id":"https:\/\/knews.ge\/#website"},"primaryImageOfPage":{"@id":"https:\/\/knews.ge\/?p=34595#primaryimage"},"image":{"@id":"https:\/\/knews.ge\/?p=34595#primaryimage"},"thumbnailUrl":"https:\/\/knews.ge\/wp-content\/uploads\/IMG_0820.jpg","datePublished":"2018-10-28T14:21:46+00:00","dateModified":"2018-10-28T14:23:07+00:00","description":"Telavi munisipalitetinin Qaracalar k\u0259ndind\u0259 ya\u015fayan milli azl\u0131qlar\u0131n n\u00fcmay\u0259nd\u0259l\u0259rinin \u0259ks\u0259riyy\u0259ti se\u00e7kil\u0259r haqq\u0131nda m\u0259lumatl\u0131 deyill\u0259r. Sor\u011fu apar\u0131lan","breadcrumb":{"@id":"https:\/\/knews.ge\/?p=34595#breadcrumb"},"inLanguage":"ka-GE","potentialAction":[{"@type":"ReadAction","target":["https:\/\/knews.ge\/?p=34595"]}]},{"@type":"ImageObject","inLanguage":"ka-GE","@id":"https:\/\/knews.ge\/?p=34595#primaryimage","url":"https:\/\/knews.ge\/wp-content\/uploads\/IMG_0820.jpg","contentUrl":"https:\/\/knews.ge\/wp-content\/uploads\/IMG_0820.jpg","width":800,"height":533},{"@type":"BreadcrumbList","@id":"https:\/\/knews.ge\/?p=34595#breadcrumb","itemListElement":[{"@type":"ListItem","position":1,"name":"Home","item":"https:\/\/knews.ge\/"},{"@type":"ListItem","position":2,"name":"Prezident ham\u0131n\u0131n, g\u00fcrc\u00fcn\u00fcn d\u0259, milli azl\u0131q n\u00fcmay\u0259nd\u0259sinin d\u0259prezidenti olmal\u0131d\u0131r"}]},{"@type":"WebSite","@id":"https:\/\/knews.ge\/#website","url":"https:\/\/knews.ge\/","name":"knews.ge","description":"\u10d9\u10d0\u10ee\u10d4\u10d7\u10d8\u10e1 \u10ee\u10db\u10d0 \u10d8\u10dc\u10e4\u10dd\u10e0\u10db\u10d0\u10ea\u10d8\u10d8\u10e1 \u10e1\u10d0\u10dc\u10d3\u10dd \u10ec\u10e7\u10d0\u10e0\u10dd \u10d7\u10d4\u10da\u10d0\u10d5\u10e8\u10d8 , \u10d2\u10e3\u10e0\u10ef\u10d0\u10d0\u10dc\u10e8\u10d8 \u10d3\u10d0 \u10d9\u10d0\u10ee\u10d4\u10d7\u10e8\u10d8","publisher":{"@id":"https:\/\/knews.ge\/#organization"},"potentialAction":[{"@type":"SearchAction","target":{"@type":"EntryPoint","urlTemplate":"https:\/\/knews.ge\/?s={search_term_string}"},"query-input":{"@type":"PropertyValueSpecification","valueRequired":true,"valueName":"search_term_string"}}],"inLanguage":"ka-GE"},{"@type":"Organization","@id":"https:\/\/knews.ge\/#organization","name":"Knews","url":"https:\/\/knews.ge\/","logo":{"@type":"ImageObject","inLanguage":"ka-GE","@id":"https:\/\/knews.ge\/#\/schema\/logo\/image\/","url":"https:\/\/knews.ge\/wp-content\/uploads\/knews-01-with-text.png","contentUrl":"https:\/\/knews.ge\/wp-content\/uploads\/knews-01-with-text.png","width":720,"height":924,"caption":"Knews"},"image":{"@id":"https:\/\/knews.ge\/#\/schema\/logo\/image\/"},"sameAs":["https:\/\/www.facebook.com\/kakhetiskhma","https:\/\/www.linkedin.com\/company\/\u10d9\u10d0\u10ee\u10d4\u10d7\u10d8\u10e1-\u10ee\u10db\u10d0-knews-ge","https:\/\/www.youtube.com\/channel\/UCzUfDfvQO5pccbG94Qu7h0Q\/featured"]},{"@type":"Person","@id":"https:\/\/knews.ge\/#\/schema\/person\/dbbab81661b0505b5a4605cb231463e3","name":"\u10db\u10d0\u10d8\u10d0 \u10db\u10d0\u10db\u10e3\u10da\u10d0\u10e8\u10d5\u10d8\u10da\u10d8","image":{"@type":"ImageObject","inLanguage":"ka-GE","@id":"https:\/\/knews.ge\/#\/schema\/person\/image\/","url":"https:\/\/secure.gravatar.com\/avatar\/24cb56a89590357a0c96c58fcd87bcbc7f4b49c5915af388bd57b6396c3203f1?s=96&d=mm&r=g","contentUrl":"https:\/\/secure.gravatar.com\/avatar\/24cb56a89590357a0c96c58fcd87bcbc7f4b49c5915af388bd57b6396c3203f1?s=96&d=mm&r=g","caption":"\u10db\u10d0\u10d8\u10d0 \u10db\u10d0\u10db\u10e3\u10da\u10d0\u10e8\u10d5\u10d8\u10da\u10d8"},"url":"https:\/\/knews.ge\/?author=30"}]}},"_links":{"self":[{"href":"https:\/\/knews.ge\/index.php?rest_route=\/wp\/v2\/posts\/34595","targetHints":{"allow":["GET"]}}],"collection":[{"href":"https:\/\/knews.ge\/index.php?rest_route=\/wp\/v2\/posts"}],"about":[{"href":"https:\/\/knews.ge\/index.php?rest_route=\/wp\/v2\/types\/post"}],"author":[{"embeddable":true,"href":"https:\/\/knews.ge\/index.php?rest_route=\/wp\/v2\/users\/30"}],"replies":[{"embeddable":true,"href":"https:\/\/knews.ge\/index.php?rest_route=%2Fwp%2Fv2%2Fcomments&post=34595"}],"version-history":[{"count":1,"href":"https:\/\/knews.ge\/index.php?rest_route=\/wp\/v2\/posts\/34595\/revisions"}],"predecessor-version":[{"id":34596,"href":"https:\/\/knews.ge\/index.php?rest_route=\/wp\/v2\/posts\/34595\/revisions\/34596"}],"wp:featuredmedia":[{"embeddable":true,"href":"https:\/\/knews.ge\/index.php?rest_route=\/wp\/v2\/media\/34441"}],"wp:attachment":[{"href":"https:\/\/knews.ge\/index.php?rest_route=%2Fwp%2Fv2%2Fmedia&parent=34595"}],"wp:term":[{"taxonomy":"category","embeddable":true,"href":"https:\/\/knews.ge\/index.php?rest_route=%2Fwp%2Fv2%2Fcategories&post=34595"},{"taxonomy":"post_tag","embeddable":true,"href":"https:\/\/knews.ge\/index.php?rest_route=%2Fwp%2Fv2%2Ftags&post=34595"}],"curies":[{"name":"wp","href":"https:\/\/api.w.org\/{rel}","templated":true}]}}