{"id":31214,"date":"2017-09-11T12:02:25","date_gmt":"2017-09-11T12:02:25","guid":{"rendered":"http:\/\/wordpress.localhost\/2017\/09\/11\/dusunulm%c9%99mis-secim-kimi-v%c9%99-n%c9%99-ucun-secdiyini-%c9%99hali-bilm%c9%99yir\/"},"modified":"2017-09-11T12:02:25","modified_gmt":"2017-09-11T12:02:25","slug":"dusunulm%c9%99mis-secim-kimi-v%c9%99-n%c9%99-ucun-secdiyini-%c9%99hali-bilm%c9%99yir","status":"publish","type":"post","link":"https:\/\/knews.ge\/?p=31214","title":{"rendered":"D\u00fc\u015f\u00fcn\u00fclm\u0259mi\u015f se\u00e7im- kimi v\u0259 n\u0259 \u00fc\u00e7\u00fcn se\u00e7diyini \u0259hali bilm\u0259yir"},"content":{"rendered":"<p><strong>\u00a0Bundan \u0259lav\u0259 se\u00e7diyi namiz\u0259d\u0259 n\u0259zar\u0259t etm\u0259y\u0259 v\u0259 onun verdiyi v\u0259dl\u0259rin yerin\u0259 yetirilm\u0259sini t\u0259l\u0259b etm\u0259y\u0259 haqq\u0131 vard\u0131r. Ancaq bu haqda az sayda v\u0259t\u0259nda\u015f\u0131n m\u0259lumat\u0131 var. Saqareco b\u0259l\u0259diyy\u0259sind\u0259, etnik az\u0259rbaycanl\u0131larla m\u0259skunla\u015fm\u0131\u015f k\u0259ndl\u0259rd\u0259 ya\u015fayan \u0259hali \u00f6z haqlar\u0131 v\u0259 v\u0259zif\u0259l\u0259ri bar\u0259d\u0259 bir \u015fey bilm\u0259yirl\u0259r\u015f deyirl\u0259r ki yaln\u0131z se\u00e7kil\u0259r g\u00fcn\u00fc f\u0259alla\u015f\u0131rlar, ist\u0259dikl\u0259ri namiz\u0259di se\u00e7irl\u0259r v\u0259 ondan v\u0259dl\u0259rinin yerin\u0259 yetirilm\u0259sini nec\u0259 t\u0259l\u0259b etm\u0259sini bilmirl\u0259r. <\/strong><\/p>\n<p><strong>\u00a0 <\/strong>\u00a0Ekspertl\u0259tin dediyin\u0259 g\u00f6r\u0259 se\u00e7kil\u0259r g\u00fcn\u00fcnd\u0259\u00a0 G\u00fcrc\u00fcstan\u0131n h\u0259r bir v\u0259t\u0259nda\u015f\u0131 konkret \u015f\u0259xsl\u0259r\u0259 ya deputatlara etibar mandat\u0131 verir. Bunun \u00fc\u00e7\u00fcn, \u00f6lk\u0259 qar\u015f\u0131s\u0131nda ald\u0131\u011f\u0131 q\u0259rara v\u0259 etdiyi se\u00e7im\u0259 g\u00f6r\u0259, \u00f6z pay\u0131na d\u00fc\u015f\u0259n m\u0259suliyy\u0259ti \u00fcz\u0259rin\u0259 g\u00f6t\u00fcr\u00fcr ki, bu da m\u00fcq\u0259dd\u0259rat\u0131n\u0131 h\u0259ll ed\u0259 bil\u0259r.<\/p>\n<p>Saqareco b\u0259l\u0259diyy\u0259sinin\u00a0 \u0130or-mu\u011fanl\u0131 k\u0259ndinin \u0259halsinin \u0259kas\u0259riyy\u0259ti se\u00e7ki m\u0259nt\u0259q\u0259sind\u0259 ald\u0131qlar\u0131 q\u0259rarla \u00f6z\u00fc\u0259rl\u0259rin\u0259 n\u0259 kimi m\u0259suliyy\u0259t ald\u0131qlar\u0131n\u0131 bilmirl\u0259r. Dedikl\u0259rin\u0259 g\u00f6r\u0259 birc\u0259 onu bilirl\u0259r ki h\u00f6kum\u0259tin t\u0259klif etdiyi namiz\u0259d\u0259 s\u0259s verm\u0259lidirl\u0259r. K\u0259nd sakini Qurban qurbanova g\u00f6r\u0259\u00a0 o \u00f6z\u00fcn\u00fcn\u00a0 haqlar\u0131 bar\u0259d\u0259 m\u0259lumatland\u0131r\u0131lmay\u0131b v\u0259 deputat\u0131 nec\u0259 n\u0259zar\u0259\u00f6t ed\u0259c\u0259yini bilmir.<\/p>\n<p><strong>,,Biz h\u0259mi\u015f\u0259 h\u00f6kum\u0259td\u0259 olana s\u0259s veririk. Biz\u0259 t\u0259r\u0259fdar olan\u0131 d\u0259st\u0259kl\u0259yirik. Yad biri g\u0259lib m\u0259n\u0259 s\u0259s verin des\u0259 ona s\u0259s verm\u0259rik. \u0130ndi se\u00e7il\u0259c\u0259k deputat xalqla tez-tez g\u00f6r\u00fc\u015fm\u0259lidir ki probleml\u0259rimiz haqda bil\u0259. G\u0259lm\u0259s\u0259 biz ona s\u0259s ver\u0259n deyilik.\u201d \u2013deyir Qurban Qurbanov.<\/strong><\/p>\n<p>\u0130or-mu\u011fanl\u0131lar deyirl\u0259r ki onlar\u0131n g\u0259l\u0259c\u0259k deputatlara inamlar\u0131 yoxdur. Ona g\u00f6r\u0259 ki namiz\u0259dl\u0259r yaln\u0131z se\u00e7kil\u0259r \u0259r\u0259f\u0259sind\u0259 g\u00f6rm\u0259k\u00a0 m\u00fcmk\u00fcn olur, se\u00e7kil\u0259rd\u0259 qalib g\u0259ldikd\u0259n sonra is\u0259 onlar\u0131n g\u00f6r\u00fc\u00e7\u00fcn\u0259 he\u00e7 kim g\u0259lmir. \u0130or-mu\u011fanl\u0131 sakini Suleyman Olcavat\u0131n dediyin\u0259 g\u00f6r\u0259 h\u00f6kum\u0259tin v\u0259 deputat\u0131n i\u015fl\u0259rin\u0259 n\u0259zar\u0259t etm\u0259 haqqlna malik oldu\u011funu bizd\u0259n \u00f6yr\u0259ndi. Ancaq ist\u0259diyi d\u0259putatdan, \u0259g\u0259r bu deputat\u00a0 xalqla g\u00f6r\u00fc\u015fm\u00fcrs\u0259, v\u0259dinin yerin\u0259 yetirm\u0259si il\u0259 ba\u011fl\u0131 t\u0259l\u0259bi nec\u0259 ed\u0259c\u0259yini bilm\u0259diyini vur\u011fulad\u0131.\u00a0 \u00a0<\/p>\n<p><strong>,, Se\u00e7kil\u0259rd\u0259 g\u0259lirl\u0259r ki biz\u0259 s\u0259s verin. S\u0259s veririk, qalib g\u0259lirl\u0259r, sonra da itib-bat\u0131rlar. He\u00e7 n\u0259 etm\u0259k ist\u0259mirl\u0259r. V\u0259rdiyi v\u0259dl\u0259r\u0259 \u0259m\u0259l etm\u0259yi nec\u0259 t\u0259l\u0259b ed\u0259c\u0259yimi bilmir\u0259m v\u0259 bunu haradan bil\u0259 bill\u0259m ki? Deputat tez-tez xalq\u0131n yan\u0131na g\u0259lm\u0259lidir ki g\u00f6r\u0259 nas\u0131 \u00e7\u0259tinliyi nec\u0259 h\u0259ll ed\u0259 bil\u0259r\u2019\u2019 \u2013 <\/strong>S\u00fcleyman Olcavat \u201cKaxetiya s\u0259si\u201d q\u0259zeti il\u0259 s\u00f6hb\u0259td\u0259 bel\u0259 deyir.<\/p>\n<p>\u00a0K\u0259nd sakini Pa\u015fa Kaz\u0131movun dem\u0259yin\u0259 g\u00f6r\u0259 o v\u0259 onun qon\u015fular\u0131 deputatdan otlaqlar m\u0259s\u0259l\u0259sinin h\u0259llini xahi\u015f edirdil\u0259r, ancaq bununla he\u00e7 kim maraqlanmay\u0131b.<\/p>\n<p><strong>,, iki ild\u0259n \u00e7oxdur ki otlaqlar v\u0259 su probleminin h\u0259llini ist\u0259yirik, ancaq he\u00e7 kim qulaq vermir. Yiy\u0259siz qalm\u0131\u015f\u0131q. Bu istid\u0259 susuz q\u0131r\u0131l\u0131r\u0131q. H\u0259r bir deputat biz\u0259 se\u00e7kil\u0259rd\u0259 g\u0259lib g\u00f6rs\u0259nir\u2019\u2019 &#8211;<\/strong> \u00a0deyir Pa\u015fa Kaz\u0131mov.<\/p>\n<p>\u0130or-mu\u011fanl\u0131lardan f\u0259rqli olaraq \u00f6z h\u00fcquqlar\u0131 haqda Saqareco b\u0259l\u0259diyy\u0259sinin Mzisquli k\u0131nd sakini Tamaz Qurqeni\u015fvili yax\u015f\u0131 bilir. Onun dediyin\u0259 g\u00f6r\u0259 se\u00e7ici \u00f6z se\u00e7diyi deputat\u0131 n\u0259zar\u0259t elt\u0131nda saxlamaq \u00fc\u00e7\u00fcn, deputat xalqla g\u00f6r\u00fc\u015fm\u0259li v\u0259 m\u0259lumat almal\u0131d\u0131r.<\/p>\n<p><strong>,, Deputat h\u0259ft\u0259d\u0259 bir saat be\u0259 ay\u0131rmal\u0131 ki \u0259hali il\u0259 g\u00f6r\u00fc\u015f\u0259. Se\u00e7il\u0259rd\u0259n sonra g\u0259l\u0259n olmay\u0131b. M\u0259nc\u0259 se\u00e7icinin deputat\u0131n i\u015fin\u0259 n\u0259zar\u0259t etm\u0259k \u00fc\u00e7\u00fcn he\u00e7 bir r\u0131\u00e7aq\u0131 yoxudur. \u00d6z se\u00e7icisi il\u0259 g\u00f6r\u00fc\u015fm\u0259y\u0259n insandan n\u0259 t\u0259l\u0259b etm\u0259k olar? \u0259g\u0259r deputat hakim partiyan\u0131n n\u00fcmay\u0259nd\u0259sidirs\u0259 onnun daha \u00e7ox imkanlar\u0131 var\u201d. <\/strong><\/p>\n<p>\u00a0<\/p>\n<p>G\u00fcrc\u00fcstan\u0131n g\u0259nc h\u00fcquq\u015f\u00fcnaslar Asosiyasiyas\u0131n\u0131n Telavi ofisinin r\u0259hb\u0259ri Marex Mqalobli\u015fvilinin dediyin\u0259 g\u00f6r\u0259\u00a0 Parlament \u00fczc\u00fc \u0259hali il\u0259 m\u00fc\u0259yy\u0259n olunmu\u015f qayda \u00e7\u0259r\u00e7iv\u0259sind\u0259 v\u0259t\u0259nda\u015flarla g\u00f6r\u00fc\u015fm\u0259y\u0259 v\u0259 onlar\u0131n \u015fikay\u0259tl\u0259rin\u0259, \u0259riz\u0259l\u0259rin\u0259 baxma\u011fa h\u00fcququ \u00e7at\u0131r.\u00a0 \u018fhalinin d\u0259 \u00f6z n\u00f6vb\u0259sind\u0259 \u00f6z se\u00e7diyi namiz\u0259dl\u0259 g\u00f6r\u00fc\u015fm\u0259k v\u0259 qar\u015f\u0131da duran m\u0259s\u0259l\u0259l\u0259ri h\u0259ll etm\u0259yi ist\u0259m\u0259y\u0259 haqq\u0131 vard\u0131r.<\/p>\n<p><strong>,,Parlament \u00fczv\u00fcn\u00fcn qanunvericilik t\u0259\u015f\u0259bb\u00fcsl\u0259rini qaba\u011fa s\u00fcrm\u0259y\u0259 h\u00fcququ var. On\u00fcn h\u0259m\u00e7inin plenar iclasda m\u00fc\u0259yy\u0259n olunmu\u015f qayda \u00fczr\u0259: m\u00fczakir\u0259 \u00fc\u00e7\u00fcn konkret m\u0259s\u0259l\u0259ni qald\u0131rma\u011fa, parlamenti v\u0259t\u0259nda\u015flar\u0131n \u00fcmumd\u00f6vl\u0259t \u0259h\u0259miyy\u0259tli \u0259riz\u0259l\u0259ri v\u0259 m\u00fcraci\u0259tl\u0259ri il\u0259 tan\u0131\u015f etm\u0259y\u0259 v\u0259 probleml\u0259rin h\u0259llini t\u0259l\u0259b etm\u0259y\u0259 v\u0259 s. haqq\u0131 \u00e7at\u0131r. Parlament \u00fczv\u00fc: G\u00fcrc\u00fcstan Konstitusiyas\u0131n\u0131 v\u0259 qanunlar\u0131n\u0131 qoruma\u011fa, reqlamentl\u0259\u015fdirilmi\u015f qaydada v\u0259t\u0259nda\u015flarla g\u00f6r\u00fc\u015fm\u0259y\u0259, qanunvericilikl\u0259 m\u00fc\u0259yy\u0259n olunmu\u015f qayda \u00fczr\u0259 v\u0259t\u0259nda\u015flar\u0131n \u0259riz\u0259l\u0259rinin v\u0259 \u015fikay\u0259tl\u0259rinin h\u0259ll olunma yollar\u0131n\u0131 axtarma\u011fa borcludur\u201d \u2013 <\/strong>\u00a0Marex Mqalobli\u015fvili dedi v\u0259 davam etdi ki, Kaxetiya b\u0259l\u0259dyy\u0259l\u0259rind\u0259\u00a0 h\u0259r bir deputat\u0131n \u00f6z b\u00fcrosu var\u0131d\u0131r v\u0259 bu b\u00fcrolar\u0131n x\u0259rcini d\u00f6vl\u0259t qar\u015f\u0131lay\u0131r. Se\u00e7icil\u0259r bu b\u00fcrolara ged\u0259r\u0259k namiz\u0259dd\u0259n verdiyi v\u0259d\u0259 \u0259m\u0259l olunmas\u0131n\u0131 t\u0259l\u0259b ed\u0259 bil\u0259r.<\/p>\n<p>\u00a0<\/p>\n<p><strong>,,\u018fhali il\u0259 g\u00f6r\u00fc\u015f\u00fcn m\u00fcdd\u0259tl\u0259rini v\u0259 m\u00fct\u0259madiliyini deputat\u0131n \u00f6z\u00fc m\u00fc\u0259yy\u0259nl\u0259\u015fdirm\u0259lidir. \u018flimd\u0259 olan m\u0259lumata g\u00f6r\u0259 Kaxetiyada el\u0259 b\u00fcrolar m\u00f6vcuddur ki tamamil\u0259 ba\u011fl\u0131d\u0131rlar v\u0259 deputatlar xalq\u0131n g\u00f6r\u00fc\u015f\u00fcn\u0259 g\u0259lmirl\u0259r. Ancaq bununla yana\u015f\u0131 a\u00e7\u0131q olan v\u0259 se\u00e7icisi il\u0259 s\u0131x g\u00f6r\u00fc\u015f\u0259n deputatlar da var. Bir b\u00fcro f\u0259al \u00e7al\u0131\u015fd\u0131qda camaat da ora gedir. H\u0259r bir deputat\u0131n \u00f6z daimi n\u00fcmay\u0259nd\u0259liyi var. Onlar probleml\u0259ri qeyd\u0259 al\u0131rlar, m\u0259s\u0259l\u0259ni yekunla\u015fd\u0131r\u0131rlar v\u0259 deputat g\u0259ldikd\u0259 onlar\u0131 m\u00fczakir\u0259 edir v\u0259 bu haqda xalqla dan\u0131\u015f\u0131r. \u018fhalinin deputatla g\u00f6r\u00fc\u015fm\u0259sinin v\u0259 ondan v\u0259dini yerin\u0259 yetirm\u0259yi t\u0259l\u0259b etm\u0259sinin ba\u015fqa formas\u0131 m\u00fc\u0259yy\u0259n olunmam\u0131\u015fd\u0131r. \u00d6z f\u0259aliyy\u0259tind\u0259n ir\u0259li g\u0259l\u0259r\u0259k qanun ona xalqla ayda ne\u00e7\u0259 d\u0259f\u0259 g\u00f6r\u00fc\u015fm\u0259li oldu\u011funu g\u00f6st\u0259r\u0259 bilm\u0259z, \u00e7\u00fcnki ola bil\u0259r ki sessiya bir ay \u00e7\u0259ksin v\u0259 vaxtl\u0131-vaxt\u0131nda se\u00e7icisi il\u0259 g\u00f6r\u00fc\u015f\u0259 g\u0259l\u0259 bilm\u0259sin\u201d<\/strong> \u2013 dedi Marex Mqalobli\u015fvili.<\/p>\n","protected":false},"excerpt":{"rendered":"<p><strong>G\u00fcrc\u00fcstan qanunvericiliyn\u0259 g\u00f6r\u0259 h\u0259r bir v\u0259t\u0259nda\u015f\u0131n se\u00e7kil\u0259rd\u0259 i\u015ftirak etm\u0259k v\u0259 ist\u0259diyi se\u00e7ki subyektin\u0259 s\u0259s verm\u0259k h\u00fcququ var\u0131d\u0131r.<\/strong><\/p>\n","protected":false},"author":31,"featured_media":10868,"comment_status":"closed","ping_status":"open","sticky":false,"template":"","format":"standard","meta":{"colormag_page_layout":"default_layout","_monsterinsights_skip_tracking":false,"_monsterinsights_sitenote_active":false,"_monsterinsights_sitenote_note":"","_monsterinsights_sitenote_category":0,"footnotes":""},"categories":[15],"tags":[],"class_list":["post-31214","post","type-post","status-publish","format-standard","has-post-thumbnail","hentry","category-blogs"],"yoast_head":"<!-- This site is optimized with the Yoast SEO plugin v26.1.1 - https:\/\/yoast.com\/wordpress\/plugins\/seo\/ -->\n<title>D\u00fc\u015f\u00fcn\u00fclm\u0259mi\u015f se\u00e7im- kimi v\u0259 n\u0259 \u00fc\u00e7\u00fcn se\u00e7diyini \u0259hali bilm\u0259yir | knews.ge<\/title>\n<meta name=\"description\" content=\"G\u00fcrc\u00fcstan qanunvericiliyn\u0259 g\u00f6r\u0259 h\u0259r bir v\u0259t\u0259nda\u015f\u0131n se\u00e7kil\u0259rd\u0259 i\u015ftirak etm\u0259k v\u0259 ist\u0259diyi se\u00e7ki subyektin\u0259 s\u0259s verm\u0259k h\u00fcququ var\u0131d\u0131r.\" \/>\n<meta name=\"robots\" content=\"index, follow, max-snippet:-1, max-image-preview:large, max-video-preview:-1\" \/>\n<link rel=\"canonical\" href=\"https:\/\/knews.ge\/?p=31214\" \/>\n<meta property=\"og:locale\" content=\"ka_GE\" \/>\n<meta property=\"og:type\" content=\"article\" \/>\n<meta property=\"og:title\" content=\"D\u00fc\u015f\u00fcn\u00fclm\u0259mi\u015f se\u00e7im- kimi v\u0259 n\u0259 \u00fc\u00e7\u00fcn se\u00e7diyini \u0259hali bilm\u0259yir | knews.ge\" \/>\n<meta property=\"og:description\" content=\"G\u00fcrc\u00fcstan qanunvericiliyn\u0259 g\u00f6r\u0259 h\u0259r bir v\u0259t\u0259nda\u015f\u0131n se\u00e7kil\u0259rd\u0259 i\u015ftirak etm\u0259k v\u0259 ist\u0259diyi se\u00e7ki subyektin\u0259 s\u0259s verm\u0259k h\u00fcququ var\u0131d\u0131r.\" \/>\n<meta property=\"og:url\" content=\"https:\/\/knews.ge\/?p=31214\" \/>\n<meta property=\"og:site_name\" content=\"knews.ge\" \/>\n<meta property=\"article:publisher\" content=\"https:\/\/www.facebook.com\/kakhetiskhma\" \/>\n<meta property=\"article:published_time\" content=\"2017-09-11T12:02:25+00:00\" \/>\n<meta property=\"og:image\" content=\"https:\/\/knews.ge\/wp-content\/uploads\/2018\/09\/cms-image-000010867-1024x683.jpg\" \/>\n\t<meta property=\"og:image:width\" content=\"1024\" \/>\n\t<meta property=\"og:image:height\" content=\"683\" \/>\n\t<meta property=\"og:image:type\" content=\"image\/jpeg\" \/>\n<meta name=\"author\" content=\"\u10d9\u10d0\u10ee\u10d4\u10d7\u10d8\u10e1 \u10ee\u10db\u10d0\" \/>\n<meta name=\"twitter:card\" content=\"summary_large_image\" \/>\n<meta name=\"twitter:label1\" content=\"Written by\" \/>\n\t<meta name=\"twitter:data1\" content=\"\u10d9\u10d0\u10ee\u10d4\u10d7\u10d8\u10e1 \u10ee\u10db\u10d0\" \/>\n\t<meta name=\"twitter:label2\" content=\"Est. reading time\" \/>\n\t<meta name=\"twitter:data2\" content=\"6 \u10ec\u10e3\u10d7\u10d8\" \/>\n<!-- \/ Yoast SEO plugin. -->","yoast_head_json":{"title":"D\u00fc\u015f\u00fcn\u00fclm\u0259mi\u015f se\u00e7im- kimi v\u0259 n\u0259 \u00fc\u00e7\u00fcn se\u00e7diyini \u0259hali bilm\u0259yir | knews.ge","description":"G\u00fcrc\u00fcstan qanunvericiliyn\u0259 g\u00f6r\u0259 h\u0259r bir v\u0259t\u0259nda\u015f\u0131n se\u00e7kil\u0259rd\u0259 i\u015ftirak etm\u0259k v\u0259 ist\u0259diyi se\u00e7ki subyektin\u0259 s\u0259s verm\u0259k h\u00fcququ var\u0131d\u0131r.","robots":{"index":"index","follow":"follow","max-snippet":"max-snippet:-1","max-image-preview":"max-image-preview:large","max-video-preview":"max-video-preview:-1"},"canonical":"https:\/\/knews.ge\/?p=31214","og_locale":"ka_GE","og_type":"article","og_title":"D\u00fc\u015f\u00fcn\u00fclm\u0259mi\u015f se\u00e7im- kimi v\u0259 n\u0259 \u00fc\u00e7\u00fcn se\u00e7diyini \u0259hali bilm\u0259yir | knews.ge","og_description":"G\u00fcrc\u00fcstan qanunvericiliyn\u0259 g\u00f6r\u0259 h\u0259r bir v\u0259t\u0259nda\u015f\u0131n se\u00e7kil\u0259rd\u0259 i\u015ftirak etm\u0259k v\u0259 ist\u0259diyi se\u00e7ki subyektin\u0259 s\u0259s verm\u0259k h\u00fcququ var\u0131d\u0131r.","og_url":"https:\/\/knews.ge\/?p=31214","og_site_name":"knews.ge","article_publisher":"https:\/\/www.facebook.com\/kakhetiskhma","article_published_time":"2017-09-11T12:02:25+00:00","og_image":[{"width":1024,"height":683,"url":"https:\/\/knews.ge\/wp-content\/uploads\/2018\/09\/cms-image-000010867-1024x683.jpg","type":"image\/jpeg"}],"author":"\u10d9\u10d0\u10ee\u10d4\u10d7\u10d8\u10e1 \u10ee\u10db\u10d0","twitter_card":"summary_large_image","twitter_misc":{"Written by":"\u10d9\u10d0\u10ee\u10d4\u10d7\u10d8\u10e1 \u10ee\u10db\u10d0","Est. reading time":"6 \u10ec\u10e3\u10d7\u10d8"},"schema":{"@context":"https:\/\/schema.org","@graph":[{"@type":"NewsArticle","@id":"https:\/\/knews.ge\/?p=31214#article","isPartOf":{"@id":"https:\/\/knews.ge\/?p=31214"},"author":{"name":"\u10d9\u10d0\u10ee\u10d4\u10d7\u10d8\u10e1 \u10ee\u10db\u10d0","@id":"https:\/\/knews.ge\/#\/schema\/person\/2154aac5ef8a3460e0bb2ca9f04bcd0c"},"headline":"D\u00fc\u015f\u00fcn\u00fclm\u0259mi\u015f se\u00e7im- kimi v\u0259 n\u0259 \u00fc\u00e7\u00fcn se\u00e7diyini \u0259hali bilm\u0259yir","datePublished":"2017-09-11T12:02:25+00:00","mainEntityOfPage":{"@id":"https:\/\/knews.ge\/?p=31214"},"wordCount":1248,"publisher":{"@id":"https:\/\/knews.ge\/#organization"},"image":{"@id":"https:\/\/knews.ge\/?p=31214#primaryimage"},"thumbnailUrl":"https:\/\/knews.ge\/wp-content\/uploads\/2018\/09\/cms-image-000010867.jpg","articleSection":["\u10d1\u10da\u10dd\u10d2\u10d4\u10d1\u10d8"],"inLanguage":"ka-GE"},{"@type":"WebPage","@id":"https:\/\/knews.ge\/?p=31214","url":"https:\/\/knews.ge\/?p=31214","name":"D\u00fc\u015f\u00fcn\u00fclm\u0259mi\u015f se\u00e7im- kimi v\u0259 n\u0259 \u00fc\u00e7\u00fcn se\u00e7diyini \u0259hali bilm\u0259yir | knews.ge","isPartOf":{"@id":"https:\/\/knews.ge\/#website"},"primaryImageOfPage":{"@id":"https:\/\/knews.ge\/?p=31214#primaryimage"},"image":{"@id":"https:\/\/knews.ge\/?p=31214#primaryimage"},"thumbnailUrl":"https:\/\/knews.ge\/wp-content\/uploads\/2018\/09\/cms-image-000010867.jpg","datePublished":"2017-09-11T12:02:25+00:00","description":"G\u00fcrc\u00fcstan qanunvericiliyn\u0259 g\u00f6r\u0259 h\u0259r bir v\u0259t\u0259nda\u015f\u0131n se\u00e7kil\u0259rd\u0259 i\u015ftirak etm\u0259k v\u0259 ist\u0259diyi se\u00e7ki subyektin\u0259 s\u0259s verm\u0259k h\u00fcququ var\u0131d\u0131r.","breadcrumb":{"@id":"https:\/\/knews.ge\/?p=31214#breadcrumb"},"inLanguage":"ka-GE","potentialAction":[{"@type":"ReadAction","target":["https:\/\/knews.ge\/?p=31214"]}]},{"@type":"ImageObject","inLanguage":"ka-GE","@id":"https:\/\/knews.ge\/?p=31214#primaryimage","url":"https:\/\/knews.ge\/wp-content\/uploads\/2018\/09\/cms-image-000010867.jpg","contentUrl":"https:\/\/knews.ge\/wp-content\/uploads\/2018\/09\/cms-image-000010867.jpg","width":5184,"height":3456},{"@type":"BreadcrumbList","@id":"https:\/\/knews.ge\/?p=31214#breadcrumb","itemListElement":[{"@type":"ListItem","position":1,"name":"Home","item":"https:\/\/knews.ge\/"},{"@type":"ListItem","position":2,"name":"D\u00fc\u015f\u00fcn\u00fclm\u0259mi\u015f se\u00e7im- kimi v\u0259 n\u0259 \u00fc\u00e7\u00fcn se\u00e7diyini \u0259hali bilm\u0259yir"}]},{"@type":"WebSite","@id":"https:\/\/knews.ge\/#website","url":"https:\/\/knews.ge\/","name":"knews.ge","description":"\u10d9\u10d0\u10ee\u10d4\u10d7\u10d8\u10e1 \u10ee\u10db\u10d0 \u10d8\u10dc\u10e4\u10dd\u10e0\u10db\u10d0\u10ea\u10d8\u10d8\u10e1 \u10e1\u10d0\u10dc\u10d3\u10dd \u10ec\u10e7\u10d0\u10e0\u10dd \u10d7\u10d4\u10da\u10d0\u10d5\u10e8\u10d8 , \u10d2\u10e3\u10e0\u10ef\u10d0\u10d0\u10dc\u10e8\u10d8 \u10d3\u10d0 \u10d9\u10d0\u10ee\u10d4\u10d7\u10e8\u10d8","publisher":{"@id":"https:\/\/knews.ge\/#organization"},"potentialAction":[{"@type":"SearchAction","target":{"@type":"EntryPoint","urlTemplate":"https:\/\/knews.ge\/?s={search_term_string}"},"query-input":{"@type":"PropertyValueSpecification","valueRequired":true,"valueName":"search_term_string"}}],"inLanguage":"ka-GE"},{"@type":"Organization","@id":"https:\/\/knews.ge\/#organization","name":"Knews","url":"https:\/\/knews.ge\/","logo":{"@type":"ImageObject","inLanguage":"ka-GE","@id":"https:\/\/knews.ge\/#\/schema\/logo\/image\/","url":"https:\/\/knews.ge\/wp-content\/uploads\/knews-01-with-text.png","contentUrl":"https:\/\/knews.ge\/wp-content\/uploads\/knews-01-with-text.png","width":720,"height":924,"caption":"Knews"},"image":{"@id":"https:\/\/knews.ge\/#\/schema\/logo\/image\/"},"sameAs":["https:\/\/www.facebook.com\/kakhetiskhma","https:\/\/www.linkedin.com\/company\/\u10d9\u10d0\u10ee\u10d4\u10d7\u10d8\u10e1-\u10ee\u10db\u10d0-knews-ge","https:\/\/www.youtube.com\/channel\/UCzUfDfvQO5pccbG94Qu7h0Q\/featured"]},{"@type":"Person","@id":"https:\/\/knews.ge\/#\/schema\/person\/2154aac5ef8a3460e0bb2ca9f04bcd0c","name":"\u10d9\u10d0\u10ee\u10d4\u10d7\u10d8\u10e1 \u10ee\u10db\u10d0","image":{"@type":"ImageObject","inLanguage":"ka-GE","@id":"https:\/\/knews.ge\/#\/schema\/person\/image\/","url":"https:\/\/secure.gravatar.com\/avatar\/de6efffff79cdb1afea435353177e09e5af50d5e972f9a459ed20f3c45bc6da6?s=96&d=mm&r=g","contentUrl":"https:\/\/secure.gravatar.com\/avatar\/de6efffff79cdb1afea435353177e09e5af50d5e972f9a459ed20f3c45bc6da6?s=96&d=mm&r=g","caption":"\u10d9\u10d0\u10ee\u10d4\u10d7\u10d8\u10e1 \u10ee\u10db\u10d0"},"url":"https:\/\/knews.ge\/?author=31"}]}},"_links":{"self":[{"href":"https:\/\/knews.ge\/index.php?rest_route=\/wp\/v2\/posts\/31214","targetHints":{"allow":["GET"]}}],"collection":[{"href":"https:\/\/knews.ge\/index.php?rest_route=\/wp\/v2\/posts"}],"about":[{"href":"https:\/\/knews.ge\/index.php?rest_route=\/wp\/v2\/types\/post"}],"author":[{"embeddable":true,"href":"https:\/\/knews.ge\/index.php?rest_route=\/wp\/v2\/users\/31"}],"replies":[{"embeddable":true,"href":"https:\/\/knews.ge\/index.php?rest_route=%2Fwp%2Fv2%2Fcomments&post=31214"}],"version-history":[{"count":0,"href":"https:\/\/knews.ge\/index.php?rest_route=\/wp\/v2\/posts\/31214\/revisions"}],"wp:featuredmedia":[{"embeddable":true,"href":"https:\/\/knews.ge\/index.php?rest_route=\/wp\/v2\/media\/10868"}],"wp:attachment":[{"href":"https:\/\/knews.ge\/index.php?rest_route=%2Fwp%2Fv2%2Fmedia&parent=31214"}],"wp:term":[{"taxonomy":"category","embeddable":true,"href":"https:\/\/knews.ge\/index.php?rest_route=%2Fwp%2Fv2%2Fcategories&post=31214"},{"taxonomy":"post_tag","embeddable":true,"href":"https:\/\/knews.ge\/index.php?rest_route=%2Fwp%2Fv2%2Ftags&post=31214"}],"curies":[{"name":"wp","href":"https:\/\/api.w.org\/{rel}","templated":true}]}}