{"id":31213,"date":"2017-09-05T11:37:21","date_gmt":"2017-09-05T11:37:21","guid":{"rendered":"http:\/\/wordpress.localhost\/2017\/09\/05\/ior-muganlilar-deputatdan-n%c9%99yi-t%c9%99l%c9%99b-edirl%c9%99r\/"},"modified":"2017-09-05T11:37:21","modified_gmt":"2017-09-05T11:37:21","slug":"ior-muganlilar-deputatdan-n%c9%99yi-t%c9%99l%c9%99b-edirl%c9%99r","status":"publish","type":"post","link":"https:\/\/knews.ge\/?p=31213","title":{"rendered":"\u0130or-mu\u011fanl\u0131lar deputatdan n\u0259yi t\u0259l\u0259b edirl\u0259r"},"content":{"rendered":"<p>\u00a0\u0130or-mu\u011fanl\u0131lar\u0131n dediyi kimi K\u0259ntd\u0259 \u0259n b\u00f6y\u00fck problem i\u00e7\u0259c\u0259k suyun olmamas\u0131d\u0131r. 25 ya\u015fl\u0131 Alxan Quliyev deyir ki onun h\u0259yat yolda\u015f\u0131 i\u00e7\u0259c\u0259k suyu k\u0259ndin o ba\u015f\u0131ndan piyad\u0259 g\u0259tirir. Yeni deputat m\u0259hz bu m\u0259s\u0259l\u0259nin h\u0259llin\u0259 \u0259m\u0259k s\u0259rf etm\u0259lidir.<\/p>\n<p><strong>\u201cDeputat ilk n\u00f6vb\u0259d\u0259 bu problemi h\u0259ll etm\u0259lidir. Bural\u0131lar\u0131n bir hiss\u0259sind\u0259 su var ancaq k\u0259ndin ba\u015f\u0131nda yoxdur. \u0130\u00e7\u0259c\u0259k su evimizd\u0259n iki kilometr uzaql\u0131qdad\u0131r v\u0259 qad\u0131nlar ora piyad\u0259 gedirl\u0259r. H\u0259r gedi\u015fd\u0259 20 litr g\u0259tir\u0259bilirl\u0259r ki buda yetmir. K\u0259nd deputat\u0131 g\u0259l\u0259n kimi bu i\u015fl\u0259ri h\u0259ll etm\u0259lidir\u201d \u2013 <\/strong>\u201cKaxetiya s\u0259si\u201d il\u0259 s\u00f6hb\u0259td\u0259 Alxan Quliyev bunlar\u0131 deyir.<\/p>\n<p>\u00a0 \u0130or-mu\u011fanl\u0131lar h\u0259m\u00e7inin otlaqlar\u0131n\u0131n olmamalar\u0131 haqda da \u015fikay\u0259tl\u0259nirl\u0259r. Yerli \u0259halinin \u0259ks\u0259riyy\u0259ti maldarl\u0131qla doland\u0131\u011f\u0131 \u00fc\u00e7\u00fcn otlaqlar\u0131n olmamas\u0131 b\u00f6y\u00fck \u00e7\u0259tinlikl\u0259r\u0259 s\u0259b\u0259b olur.<\/p>\n<p><strong>\u00a0\u201cMal\u0131m\u0131z\u0131 otarmaq \u00fc\u00e7\u00fcn otlaqlar\u0131m\u0131z yoxdur. \u0259vv\u0259ll\u0259r vard\u0131, ancaq satd\u0131lar. Bir qismi bec\u0259rililib v\u0259 5 min hektardan \u00e7oxu is\u0259 \u00f6z\u0259l\u0259\u015fdirlibdir. O \u0259razi \u00e7\u0259p\u0259rl\u0259nib dey\u0259 he\u00e7 kimi buraxm\u0131rlar. Mal-qaran\u0131 hara aparaq, n\u0259 ed\u0259k? \u0130ndi sizd\u0259n e\u015fitdim ki bir aya se\u00e7kil\u0259r olmal\u0131d\u0131r, namizd\u0259l\u0259rin kim olduqlar\u0131n\u0131 bilmirik. Ancaq kim qalib g\u0259lirs\u0259 g\u0259lsin bu probleml\u0259rin h\u0259ll etm\u0259sini xahi\u015f edirik \u2013 <\/strong>\u018fl\u0259sg\u0259r Mirzayev bel\u0259 deyir.<\/p>\n<p>\u00a0 K\u0259nd sakinl\u0259ri g\u0259l\u0259c\u0259k deputata b\u00f6y\u00fck \u00fcmidl\u0259r b\u0259sl\u0259yir v\u0259 \u0259vv\u0259lki deputatdan f\u0259rqli olaraq, hans\u0131 ki verdiyi v\u0259dl\u0259ri yerin\u0259 yetirm\u0259di, bu xalqa qay\u011f\u0131 g\u00f6st\u0259r\u0259c\u0259kdir. \u0130or-mu\u011fanl\u0131 sakini \u018fliz rafa Zalilov \u00a0deyir ki k\u0259nddaxili yollar\u0131n olmamas\u0131 \u00e7ox \u00e7\u0259tinlikl\u0259r do\u011furur.<\/p>\n<p>\u00a0 <strong>\u201cK\u0259nddaxili yolun olmamas\u0131 bizi \u00e7ox narahat edir. Ya\u011fmurlu havada f\u0259h\u015f\u0259tli \u00e7amur olur. G\u00fcn\u0259\u015fli havadasa p\u0259nc\u0259r\u0259l\u0259ri a\u00e7a bilmirik toz-dumana qar\u0131\u015f\u0131r v\u0259 ota\u011fa girir \u00e7\u00fcnki. G\u0259l\u0259c\u0259k deputatdan bu m\u0259s\u0259l\u0259ni h\u0259ll etm\u0259yi xahi\u015f edirik. Bundan \u0259vv\u0259lki he\u00e7 qay\u011f\u0131 g\u00f6st\u0259rmirdi \u00e7\u00fcnki. Biziml\u0259 g\u00f6r\u00fc\u015fm\u0259y\u0259 he\u00e7 g\u0259lm\u0259yib bel\u0259. \u00dcmid edirik ki yenisi bel\u0259 olmaz. Xalqala yax\u015f\u0131 m\u00fcnasib\u0259t quracaq. Hal-haz\u0131rda b\u00f6y\u00fck \u00e7\u0259tinlikl\u0259rl\u0259 sava\u015f\u0131r\u0131q v\u0259 k\u00f6m\u0259y\u0259 ehtiyac\u0131m\u0131z var: h\u0259r \u015fey ba\u015fala\u015f\u0131b, yerlil\u0259rin bir \u00e7oxu bankdan kredit al\u0131b v\u0259 \u0259v\u0259zind\u0259 evl\u0259rini qoyublar. Deputat v\u0259 h\u00f6kum\u0259t m\u0259hz bu probleml\u0259ri h\u0259ll etm\u0259lidir\u201d \u2013<\/strong> deyir \u018fliz Rafan Zalilov.<\/p>\n<p>\u00a0\u0130or-mu\u011fanl\u0131 Bayramova deyir ki k\u0259ntd\u0259 ba\u015fqa m\u0259s\u0259l\u0259l\u0259rl\u0259 yana\u015f\u0131 i\u015fsizlik d\u0259 ba\u015f al\u0131b gedir. Yerli \u0259halinin \u0259sas g\u0259lir m\u0259nb\u0259yi maldarl\u0131qd\u0131r. Bayramovan\u0131n dediyin\u0259 g\u00f6r\u0259 g\u0259l\u0259c\u0259k deputat \u0259halinin i\u015fl\u0259 t\u0259minolunmas\u0131na da qay\u011f\u0131 g\u00f6st\u0259rm\u0259lidir. O k\u0259ntd\u0259 ki\u00e7ik s\u00fcd zavodunun a\u00e7\u0131lmas\u0131n\u0131n m\u00fcmk\u00fcn oldu\u011funu deyir.<\/p>\n<p>\u00a0\u00a0 <strong>\u201c S\u00fcd zavodu tikils\u0259 \u00e7ox yax\u015f\u0131 olar. Orda \u00f6z\u00fcm\u00fcz i\u015fl\u0259y\u0259rik. Burda \u0259ks\u0259riyy\u0259timiz maldarl\u0131qla dolan\u0131r\u0131q v\u0259 g\u0259lirl\u0259rimiz d\u0259 artard\u0131\u201d. <\/strong><\/p>\n<p><strong>\u00a0 <\/strong>Saqareconun ara se\u00e7kil\u0259rin\u0259 getdikc\u0259 az vaxt qal\u0131r. Kimi se\u00e7m\u0259l\u0259rin\u0259 q\u0259rar verm\u0259k \u00fc\u00e7\u00fcn yerlil\u0259rind\u0259 zamanlar\u0131 \u00e7ox deyildir. Se\u00e7ki administrasiyas\u0131m\u0131m q\u0259rar\u0131 il\u0259 se\u00e7kil\u0259r oktyabr\u0131n 31-d\u0259 ke\u00e7iril\u0259c\u0259kdir. MSK-n\u0131n verilmi\u015fl\u0259rin\u0259 g\u00f6r\u0259 Saqareco Mahal\u0131nda 46\u00a0011 se\u00e7ici qeydiyyatdan ke\u00e7mi\u015fdir.<\/p>\n<p>\u00a0 Deputat mandat\u0131 \u00fc\u00e7\u00fcn hakim partiyadan Tamar Xida\u015feli m\u00fcbariz\u0259 aparacaqd\u0131r. Se\u00e7kil\u0259rd\u0259 G\u00fcrc\u00fcstan V\u0259t\u0259np\u0259rv\u0259rl\u0259r Alyans\u0131n\u0131n liderl\u0259rind\u0259n biri olan \u0130rma \u0130na\u015fvili d\u0259 i\u015ftirak edir. Partiya namiz\u0259dl\u0259rind\u0259n savay\u0131 ara se\u00e7kil\u0259rind\u0259 t\u0259\u015f\u0259bb\u00fcs qrupunun t\u0259klif etdiyi m\u00fcst\u0259qil namiz\u0259d Qiorqi Davitaia da i\u015ftirak edir. Iki partiaydan f\u0259rqli olaraq ara se\u00e7kil\u0259rin\u0259 13 m\u00fcxalif\u0259t partiyas\u0131 boykot edir.<\/p>\n<p>\u00a0<\/p>\n<p>\u00a0 G\u00fcrc\u00fcstan\u0131n G\u0259nc H\u00fcquq\u015f\u00fcnaslar Assosiyasiyas\u0131n\u0131n Telavi ofisinin s\u0259dri Marex Mqalobli\u015fvili deyir ki, h\u0259r hans\u0131 partiyaya m\u0259nsub olmas\u0131ndan as\u0131l\u0131 olmayaraq, deputat G\u00fcrc\u00fcstan Konstitusiyas\u0131n\u0131 qorumal\u0131 v\u0259 qanun daxilind\u0259 h\u0259r\u0259k\u0259t etm\u0259lidir.\u00a0 O m\u00fc\u0259yy\u0259n olunmu\u015f qayda \u00fczr\u0259 v\u0259t\u0259nda\u015flar\u0131n \u015fikay\u0259tl\u0259rini yoxlaya, \u0259riz\u0259l\u0259rin\u0259\u00a0 baxa v\u0259 onlarla g\u00f6r\u00fc\u015f\u0259 bil\u0259r:<\/p>\n<p><strong>\u201cba\u015fqa h\u00fcquq v\u0259 v\u0259zif\u0259l\u0259rd\u0259n savay\u0131 G\u00fcrc\u00fcstan Konstitusiyas\u0131n\u0131n 67-ci madd\u0259sinin birinci b\u0259ndin\u0259 uy\u011fun olaraq, Parlament \u00fczv\u00fcn\u00fcn qanunvericilik t\u0259\u015f\u0259bb\u00fcs\u00fc il\u0259 \u00e7\u0131x\u0131\u015f etm\u0259y\u0259 haqq\u0131 var. Parlament \u00fczv\u00fcn\u00fcn haqq\u0131 var ki parlamentin plenar iclas\u0131nda m\u00fc\u0259yy\u0259n olunmu\u015f qayda \u00fczr\u0259: m\u00fczakir\u0259 \u00fc\u00e7\u00fcn konkret m\u0259s\u0259l\u0259ni meydana ats\u0131n v\u0259 v\u0259t\u0259nda\u015flar\u0131n \u00fcmum-d\u00f6vl\u0259t \u0259h\u0259miyy\u0259tli m\u0259ktublar\u0131n\u0131 v\u0259 m\u00fcraci\u0259tl\u0259rini parlament\u0259 tan\u0131\u015f ed\u0259r\u0259k onlar\u0131n h\u0259llini t\u0259l\u0259b etsin v\u0259 s.\u201d <\/strong>\u2013deyir Marex Mqalobli\u015fvili.<strong> <\/strong><\/p>\n","protected":false},"excerpt":{"rendered":"<p><strong>\u0130\u015fsizlik, korlanm\u0131\u015f yollar, susuzluq, otlaqlar problemi \u2013\u00a0<\/strong>bu saqareco b\u0259l\u0259diyy\u0259sinin \u0130or-mu\u011fanl\u0131 k\u0259nd sakinl\u0259rinin g\u0259l\u0259c\u0259k deputatdan h\u0259llini t\u0259l\u0259b etdikl\u0259ri m\u0259s\u0259l\u0259l\u0259rin q\u0131sa siyah\u0131s\u0131d\u0131r.<\/p>\n","protected":false},"author":31,"featured_media":10858,"comment_status":"closed","ping_status":"open","sticky":false,"template":"","format":"standard","meta":{"colormag_page_layout":"default_layout","_monsterinsights_skip_tracking":false,"_monsterinsights_sitenote_active":false,"_monsterinsights_sitenote_note":"","_monsterinsights_sitenote_category":0,"footnotes":""},"categories":[15],"tags":[],"class_list":["post-31213","post","type-post","status-publish","format-standard","has-post-thumbnail","hentry","category-blogs"],"yoast_head":"<!-- This site is optimized with the Yoast SEO plugin v26.1.1 - https:\/\/yoast.com\/wordpress\/plugins\/seo\/ -->\n<title>\u0130or-mu\u011fanl\u0131lar deputatdan n\u0259yi t\u0259l\u0259b edirl\u0259r | knews.ge<\/title>\n<meta name=\"description\" content=\"\u0130\u015fsizlik, korlanm\u0131\u015f yollar, susuzluq, otlaqlar problemi \u2013\u00a0bu saqareco b\u0259l\u0259diyy\u0259sinin \u0130or-mu\u011fanl\u0131 k\u0259nd sakinl\u0259rinin g\u0259l\u0259c\u0259k deputatdan h\u0259llini t\u0259l\u0259b etdikl\u0259ri m\u0259s\u0259l\u0259l\u0259rin q\u0131sa siyah\u0131s\u0131d\u0131r.\" \/>\n<meta name=\"robots\" content=\"index, follow, max-snippet:-1, max-image-preview:large, max-video-preview:-1\" \/>\n<link rel=\"canonical\" href=\"https:\/\/knews.ge\/?p=31213\" \/>\n<meta property=\"og:locale\" content=\"ka_GE\" \/>\n<meta property=\"og:type\" content=\"article\" \/>\n<meta property=\"og:title\" content=\"\u0130or-mu\u011fanl\u0131lar deputatdan n\u0259yi t\u0259l\u0259b edirl\u0259r | knews.ge\" \/>\n<meta property=\"og:description\" content=\"\u0130\u015fsizlik, korlanm\u0131\u015f yollar, susuzluq, otlaqlar problemi \u2013\u00a0bu saqareco b\u0259l\u0259diyy\u0259sinin \u0130or-mu\u011fanl\u0131 k\u0259nd sakinl\u0259rinin g\u0259l\u0259c\u0259k deputatdan h\u0259llini t\u0259l\u0259b etdikl\u0259ri m\u0259s\u0259l\u0259l\u0259rin q\u0131sa siyah\u0131s\u0131d\u0131r.\" \/>\n<meta property=\"og:url\" content=\"https:\/\/knews.ge\/?p=31213\" \/>\n<meta property=\"og:site_name\" content=\"knews.ge\" \/>\n<meta property=\"article:publisher\" content=\"https:\/\/www.facebook.com\/kakhetiskhma\" \/>\n<meta property=\"article:published_time\" content=\"2017-09-05T11:37:21+00:00\" \/>\n<meta property=\"og:image\" content=\"https:\/\/knews.ge\/wp-content\/uploads\/2018\/09\/cms-image-000010857.jpg\" \/>\n\t<meta property=\"og:image:width\" content=\"600\" \/>\n\t<meta property=\"og:image:height\" content=\"615\" \/>\n\t<meta property=\"og:image:type\" content=\"image\/jpeg\" \/>\n<meta name=\"author\" content=\"\u10d9\u10d0\u10ee\u10d4\u10d7\u10d8\u10e1 \u10ee\u10db\u10d0\" \/>\n<meta name=\"twitter:card\" content=\"summary_large_image\" \/>\n<meta name=\"twitter:label1\" content=\"Written by\" \/>\n\t<meta name=\"twitter:data1\" content=\"\u10d9\u10d0\u10ee\u10d4\u10d7\u10d8\u10e1 \u10ee\u10db\u10d0\" \/>\n\t<meta name=\"twitter:label2\" content=\"Est. reading time\" \/>\n\t<meta name=\"twitter:data2\" content=\"4 \u10ec\u10e3\u10d7\u10d8\" \/>\n<!-- \/ Yoast SEO plugin. -->","yoast_head_json":{"title":"\u0130or-mu\u011fanl\u0131lar deputatdan n\u0259yi t\u0259l\u0259b edirl\u0259r | knews.ge","description":"\u0130\u015fsizlik, korlanm\u0131\u015f yollar, susuzluq, otlaqlar problemi \u2013\u00a0bu saqareco b\u0259l\u0259diyy\u0259sinin \u0130or-mu\u011fanl\u0131 k\u0259nd sakinl\u0259rinin g\u0259l\u0259c\u0259k deputatdan h\u0259llini t\u0259l\u0259b etdikl\u0259ri m\u0259s\u0259l\u0259l\u0259rin q\u0131sa siyah\u0131s\u0131d\u0131r.","robots":{"index":"index","follow":"follow","max-snippet":"max-snippet:-1","max-image-preview":"max-image-preview:large","max-video-preview":"max-video-preview:-1"},"canonical":"https:\/\/knews.ge\/?p=31213","og_locale":"ka_GE","og_type":"article","og_title":"\u0130or-mu\u011fanl\u0131lar deputatdan n\u0259yi t\u0259l\u0259b edirl\u0259r | knews.ge","og_description":"\u0130\u015fsizlik, korlanm\u0131\u015f yollar, susuzluq, otlaqlar problemi \u2013\u00a0bu saqareco b\u0259l\u0259diyy\u0259sinin \u0130or-mu\u011fanl\u0131 k\u0259nd sakinl\u0259rinin g\u0259l\u0259c\u0259k deputatdan h\u0259llini t\u0259l\u0259b etdikl\u0259ri m\u0259s\u0259l\u0259l\u0259rin q\u0131sa siyah\u0131s\u0131d\u0131r.","og_url":"https:\/\/knews.ge\/?p=31213","og_site_name":"knews.ge","article_publisher":"https:\/\/www.facebook.com\/kakhetiskhma","article_published_time":"2017-09-05T11:37:21+00:00","og_image":[{"width":600,"height":615,"url":"https:\/\/knews.ge\/wp-content\/uploads\/2018\/09\/cms-image-000010857.jpg","type":"image\/jpeg"}],"author":"\u10d9\u10d0\u10ee\u10d4\u10d7\u10d8\u10e1 \u10ee\u10db\u10d0","twitter_card":"summary_large_image","twitter_misc":{"Written by":"\u10d9\u10d0\u10ee\u10d4\u10d7\u10d8\u10e1 \u10ee\u10db\u10d0","Est. reading time":"4 \u10ec\u10e3\u10d7\u10d8"},"schema":{"@context":"https:\/\/schema.org","@graph":[{"@type":"NewsArticle","@id":"https:\/\/knews.ge\/?p=31213#article","isPartOf":{"@id":"https:\/\/knews.ge\/?p=31213"},"author":{"name":"\u10d9\u10d0\u10ee\u10d4\u10d7\u10d8\u10e1 \u10ee\u10db\u10d0","@id":"https:\/\/knews.ge\/#\/schema\/person\/2154aac5ef8a3460e0bb2ca9f04bcd0c"},"headline":"\u0130or-mu\u011fanl\u0131lar deputatdan n\u0259yi t\u0259l\u0259b edirl\u0259r","datePublished":"2017-09-05T11:37:21+00:00","mainEntityOfPage":{"@id":"https:\/\/knews.ge\/?p=31213"},"wordCount":897,"publisher":{"@id":"https:\/\/knews.ge\/#organization"},"image":{"@id":"https:\/\/knews.ge\/?p=31213#primaryimage"},"thumbnailUrl":"https:\/\/knews.ge\/wp-content\/uploads\/2018\/09\/cms-image-000010857.jpg","articleSection":["\u10d1\u10da\u10dd\u10d2\u10d4\u10d1\u10d8"],"inLanguage":"ka-GE"},{"@type":"WebPage","@id":"https:\/\/knews.ge\/?p=31213","url":"https:\/\/knews.ge\/?p=31213","name":"\u0130or-mu\u011fanl\u0131lar deputatdan n\u0259yi t\u0259l\u0259b edirl\u0259r | knews.ge","isPartOf":{"@id":"https:\/\/knews.ge\/#website"},"primaryImageOfPage":{"@id":"https:\/\/knews.ge\/?p=31213#primaryimage"},"image":{"@id":"https:\/\/knews.ge\/?p=31213#primaryimage"},"thumbnailUrl":"https:\/\/knews.ge\/wp-content\/uploads\/2018\/09\/cms-image-000010857.jpg","datePublished":"2017-09-05T11:37:21+00:00","description":"\u0130\u015fsizlik, korlanm\u0131\u015f yollar, susuzluq, otlaqlar problemi \u2013\u00a0bu saqareco b\u0259l\u0259diyy\u0259sinin \u0130or-mu\u011fanl\u0131 k\u0259nd sakinl\u0259rinin g\u0259l\u0259c\u0259k deputatdan h\u0259llini t\u0259l\u0259b etdikl\u0259ri m\u0259s\u0259l\u0259l\u0259rin q\u0131sa siyah\u0131s\u0131d\u0131r.","breadcrumb":{"@id":"https:\/\/knews.ge\/?p=31213#breadcrumb"},"inLanguage":"ka-GE","potentialAction":[{"@type":"ReadAction","target":["https:\/\/knews.ge\/?p=31213"]}]},{"@type":"ImageObject","inLanguage":"ka-GE","@id":"https:\/\/knews.ge\/?p=31213#primaryimage","url":"https:\/\/knews.ge\/wp-content\/uploads\/2018\/09\/cms-image-000010857.jpg","contentUrl":"https:\/\/knews.ge\/wp-content\/uploads\/2018\/09\/cms-image-000010857.jpg","width":600,"height":615},{"@type":"BreadcrumbList","@id":"https:\/\/knews.ge\/?p=31213#breadcrumb","itemListElement":[{"@type":"ListItem","position":1,"name":"Home","item":"https:\/\/knews.ge\/"},{"@type":"ListItem","position":2,"name":"\u0130or-mu\u011fanl\u0131lar deputatdan n\u0259yi t\u0259l\u0259b edirl\u0259r"}]},{"@type":"WebSite","@id":"https:\/\/knews.ge\/#website","url":"https:\/\/knews.ge\/","name":"knews.ge","description":"\u10d9\u10d0\u10ee\u10d4\u10d7\u10d8\u10e1 \u10ee\u10db\u10d0 \u10d8\u10dc\u10e4\u10dd\u10e0\u10db\u10d0\u10ea\u10d8\u10d8\u10e1 \u10e1\u10d0\u10dc\u10d3\u10dd \u10ec\u10e7\u10d0\u10e0\u10dd \u10d7\u10d4\u10da\u10d0\u10d5\u10e8\u10d8 , \u10d2\u10e3\u10e0\u10ef\u10d0\u10d0\u10dc\u10e8\u10d8 \u10d3\u10d0 \u10d9\u10d0\u10ee\u10d4\u10d7\u10e8\u10d8","publisher":{"@id":"https:\/\/knews.ge\/#organization"},"potentialAction":[{"@type":"SearchAction","target":{"@type":"EntryPoint","urlTemplate":"https:\/\/knews.ge\/?s={search_term_string}"},"query-input":{"@type":"PropertyValueSpecification","valueRequired":true,"valueName":"search_term_string"}}],"inLanguage":"ka-GE"},{"@type":"Organization","@id":"https:\/\/knews.ge\/#organization","name":"Knews","url":"https:\/\/knews.ge\/","logo":{"@type":"ImageObject","inLanguage":"ka-GE","@id":"https:\/\/knews.ge\/#\/schema\/logo\/image\/","url":"https:\/\/knews.ge\/wp-content\/uploads\/knews-01-with-text.png","contentUrl":"https:\/\/knews.ge\/wp-content\/uploads\/knews-01-with-text.png","width":720,"height":924,"caption":"Knews"},"image":{"@id":"https:\/\/knews.ge\/#\/schema\/logo\/image\/"},"sameAs":["https:\/\/www.facebook.com\/kakhetiskhma","https:\/\/www.linkedin.com\/company\/\u10d9\u10d0\u10ee\u10d4\u10d7\u10d8\u10e1-\u10ee\u10db\u10d0-knews-ge","https:\/\/www.youtube.com\/channel\/UCzUfDfvQO5pccbG94Qu7h0Q\/featured"]},{"@type":"Person","@id":"https:\/\/knews.ge\/#\/schema\/person\/2154aac5ef8a3460e0bb2ca9f04bcd0c","name":"\u10d9\u10d0\u10ee\u10d4\u10d7\u10d8\u10e1 \u10ee\u10db\u10d0","image":{"@type":"ImageObject","inLanguage":"ka-GE","@id":"https:\/\/knews.ge\/#\/schema\/person\/image\/","url":"https:\/\/secure.gravatar.com\/avatar\/de6efffff79cdb1afea435353177e09e5af50d5e972f9a459ed20f3c45bc6da6?s=96&d=mm&r=g","contentUrl":"https:\/\/secure.gravatar.com\/avatar\/de6efffff79cdb1afea435353177e09e5af50d5e972f9a459ed20f3c45bc6da6?s=96&d=mm&r=g","caption":"\u10d9\u10d0\u10ee\u10d4\u10d7\u10d8\u10e1 \u10ee\u10db\u10d0"},"url":"https:\/\/knews.ge\/?author=31"}]}},"_links":{"self":[{"href":"https:\/\/knews.ge\/index.php?rest_route=\/wp\/v2\/posts\/31213","targetHints":{"allow":["GET"]}}],"collection":[{"href":"https:\/\/knews.ge\/index.php?rest_route=\/wp\/v2\/posts"}],"about":[{"href":"https:\/\/knews.ge\/index.php?rest_route=\/wp\/v2\/types\/post"}],"author":[{"embeddable":true,"href":"https:\/\/knews.ge\/index.php?rest_route=\/wp\/v2\/users\/31"}],"replies":[{"embeddable":true,"href":"https:\/\/knews.ge\/index.php?rest_route=%2Fwp%2Fv2%2Fcomments&post=31213"}],"version-history":[{"count":0,"href":"https:\/\/knews.ge\/index.php?rest_route=\/wp\/v2\/posts\/31213\/revisions"}],"wp:featuredmedia":[{"embeddable":true,"href":"https:\/\/knews.ge\/index.php?rest_route=\/wp\/v2\/media\/10858"}],"wp:attachment":[{"href":"https:\/\/knews.ge\/index.php?rest_route=%2Fwp%2Fv2%2Fmedia&parent=31213"}],"wp:term":[{"taxonomy":"category","embeddable":true,"href":"https:\/\/knews.ge\/index.php?rest_route=%2Fwp%2Fv2%2Fcategories&post=31213"},{"taxonomy":"post_tag","embeddable":true,"href":"https:\/\/knews.ge\/index.php?rest_route=%2Fwp%2Fv2%2Ftags&post=31213"}],"curies":[{"name":"wp","href":"https:\/\/api.w.org\/{rel}","templated":true}]}}