{"id":31209,"date":"2017-09-08T10:58:06","date_gmt":"2017-09-08T10:58:06","guid":{"rendered":"http:\/\/wordpress.localhost\/2017\/09\/08\/m%c9%99n-kim%c9%99-s%c9%99s-vers%c9%99m-arvadimda-ona-s%c9%99s-verm%c9%99lidir\/"},"modified":"2017-09-08T10:58:06","modified_gmt":"2017-09-08T10:58:06","slug":"m%c9%99n-kim%c9%99-s%c9%99s-vers%c9%99m-arvadimda-ona-s%c9%99s-verm%c9%99lidir","status":"publish","type":"post","link":"https:\/\/knews.ge\/?p=31209","title":{"rendered":"\u201cM\u0259n kim\u0259 s\u0259s vers\u0259m arvad\u0131mda ona s\u0259s verm\u0259lidir\u201d"},"content":{"rendered":"<p><strong>Son t\u0259dqiqatlarla t\u0259sdiq olunur ki se\u00e7kil\u0259rd\u0259 az\u0259rbaycanl\u0131 icmas\u0131na m\u0259nsub olan qad\u0131nlar\u0131n say g\u00f6st\u0259ricisi olduqca a\u015fa\u011f\u0131d\u0131r. Ekspertl\u0259t qad\u0131nlar\u0131n passivliyini se\u00e7ki prosesi v\u0259 h\u00fcquqlar\u0131 haqda m\u0259lumat\u0131n olmamas\u0131 il\u0259 izah edirl\u0259r. G\u00fcrc\u00fc dilinin bilinm\u0259m\u0259si \u0259ks\u0259r hallarda onlar\u0131n se\u00e7kil\u0259rl\u0259 maraqlanmamas\u0131na s\u0259b\u0259b olur. <\/strong><\/p>\n<p>G\u00fcrc\u00fcstan\u0131n azr\u0259baycanl\u0131 icmas\u0131na g\u00f6r\u0259 \u00fcnsiyy\u0259t s\u0259viyy\u0259sind\u0259 bel\u0259 g\u00fcrc\u00fc dilini etnik azl\u0131\u011f\u0131n 41,8%-i bilmir. T\u0259xmin\u0259n 22%-i anlay\u0131r, ancaq d\u00f6vl\u0259t silind\u0259 yaz\u0131b-oxuya bilmir. Qad\u0131nlar\u0131n 54% g\u00fcrc\u00fc dilin\u0259 \u00fcmumiyy\u0259tl\u0259 b\u0259l\u0259d deyil.<\/p>\n<p>\u00a0Etnk az\u0259rbaycanl\u0131larla m\u0259skun Saqareco b\u0259l\u0259diyy\u0259sinin \u0130or-mu\u011fanl\u0131 k\u0259ndind\u0259 ya\u015fayan qad\u0131nlar, hans\u0131lar ki se\u00e7kil\u0259rd\u0259 i\u015ftirak etm\u0259yi planla\u015fd\u0131r\u0131rlar, deyirl\u0259r ki s\u0259si namiz\u0259din se\u00e7ki n\u00f6mr\u0259sin\u0259 g\u00f6r\u0259 ver\u0259c\u0259kl\u0259r. \u00c7\u00fcnki ad v\u0259 soyad\u0131 g\u00fcrc\u00fc dilind\u0259 oxuya bilm\u0259y\u0259c\u0259kl\u0259r. Se\u00e7ki h\u00fcquqlar bar\u0259d\u0259 k\u0259nd m\u0259kt\u0259binin m\u00fc\u0259lliml\u0259ri daha m\u0259lumatl\u0131d\u0131rlar. Onlar\u0131n t\u0259birinc\u0259 s\u0259si laz\u0131m bildikl\u0259ri namiz\u0259d\u0259 ver\u0259c\u0259kl\u0259ri.<\/p>\n<p>\u00a0<strong>\u201cBu se\u00e7kil\u0259r\u0259 m\u00fctl\u0259q ged\u0259c\u0259y\u0259m. Bilir\u0259m ki pasportum yan\u0131mda olmal\u0131d\u0131r. Kim\u0259 ist\u0259s\u0259m onuda se\u00e7\u0259c\u0259y\u0259m. \u018frim m\u0259ni ba\u015fqa namiz\u0259d\u0259 s\u0259s verm\u0259y\u0259 m\u0259cbur ed\u0259 bilm\u0259z. N\u00f6mr\u0259y\u0259 bax\u0131b el\u0259 se\u00e7\u0259c\u0259m. Neyl\u0259yim gerc\u00fcc\u0259 oxuya bilmir\u0259m.\u201d\u00a0 &#8211; <\/strong>\u0130or-mu\u011fanl\u0131 \u0130ctimai m\u0259kt\u0259binin m\u00fc\u0259llim\u0259si G\u00fclnar\u0259 Ansayeva bel\u0259 deyir.<\/p>\n<p>\u00a0 25 ya\u015fl\u0131 Ayda Bayramovan\u0131n Saqarecoda qar\u015f\u0131daki se\u00e7kil\u0259r haqda m\u0259lumat\u0131 yoxudur v\u0259 bu s\u0259b\u0259bd\u0259n oktyabr\u0131n 31-d\u0259 se\u00e7ki m\u0259nt\u0259q\u0259sin\u0259 getm\u0259y\u0259 niyy\u0259ti yoxdur. Ancaq deyir ki \u0259g\u0259r bu q\u0259rara g\u0259ls\u0259 ist\u0259fiyi namiz\u0259di \u00f6z\u00fc se\u00e7\u0259c\u0259kdir.<\/p>\n<p><strong>\u201cBilmir\u0259m bu yax\u0131nla\u015fan hans\u0131 se\u00e7kil\u0259rdir. Namiz\u0259dl\u0259r bura g\u0259lm\u0259yibl\u0259r. G\u00fcrc\u00fcc\u0259 d\u0259 bilmir\u0259m. \u018fg\u0259r se\u00e7kil\u0259r\u0259 getm\u0259k ist\u0259s\u0259m n\u0259 atam, n\u0259d\u0259 qarda\u015f\u0131m kim\u0259 s\u0259s ver\u0259c\u0259yimi dikt\u0259 ed\u0259 bilm\u0259z\u201d. <\/strong><\/p>\n<p><strong>\u00a0<\/strong>Xan\u0131mlardan f\u0259rqli olaraq ki\u015fil\u0259rin m\u00fc\u0259yy\u0259n bir hiss\u0259si qad\u0131nlar\u0131n se\u00e7ki haqlar\u0131n\u0131 bir az ba\u015fqa c\u00fcr anlay\u0131rlar. Onlara g\u00f6r\u0259 qad\u0131nlar ki\u015fil\u0259rin ist\u0259diyi namiz\u0259di se\u00e7m\u0259lidirl\u0259r v\u0259 bunu art\u0131q oturu\u015fmu\u015f ad\u0259r-qaydalarla izah edirl\u0259r.<\/p>\n<p>\u00a0<strong>\u201cH\u00f6kum\u0259t\u0259 s\u0259s verm\u0259lidir. Ba\u015fqa c\u00fcr nec\u0259 ola bil\u0259r? M\u0259n kim\u0259 s\u0259s vers\u0259m arvad\u0131m da ona s\u0259s verm\u0259lidir. H\u00f6kum\u0259td\u0259n qeyrisin\u0259 s\u0259s verm\u0259m\u0259lidir.\u201d <\/strong>\u00a0&#8211;\u00a0 R\u0259\u015fid \u018fll\u0259zov bel\u0259 d\u00fc\u015f\u00fcn\u00fcr.<\/p>\n<p>\u00a0<strong>\u201cBizd\u0259 bel\u0259 bir qayda var qad\u0131n ki\u015finin s\u0259s verdiyi namiz\u0259di se\u00e7m\u0259lidir. Ba\u015fqa c\u00fcr ola bilm\u0259z. Se\u00e7kil\u0259rd\u0259 h\u0259mi\u015f\u0259 bel\u0259 olur\u201d \u2013<\/strong>Dursun Abdalov qeyd edir.<\/p>\n<p>\u0130or-mu\u011fanl\u0131da el\u0259 ail\u0259l\u0259r d\u0259\u00a0 var ki onlar hans\u0131 namiz\u0259d\u0259 v\u0259 siyasi partiyaya s\u0259s verm\u0259 q\u0259rarlar\u0131n\u0131 birg\u0259 al\u0131rlar. Buna m\u00fcvafiq olaraq qad\u0131nlar da \u00fcmumi ail\u0259 q\u0259rar\u0131na tabe olurlar. \u00a0\u00a0\u00a0<\/p>\n<p>\u00a0<strong>\u201c<\/strong><strong>Ail\u0259d\u0259 ki filan yax\u015f\u0131 deputat ya prezidentdir dey\u0259 s\u00f6hb\u0259tl\u0259r olur. Biz bunu ham\u0131l\u0131qla q\u0259rara al\u0131r\u0131q. \u018fg\u0259r qad\u0131n ba\u015fqas\u0131n\u0131 se\u00e7s\u0259 onda biz m\u0259hk\u0259m\u0259 il\u0259 ayr\u0131la bil\u0259rik. M\u0259n ba\u015fqa ail\u0259d\u0259, arvad\u0131m ba\u015fqa ail\u0259d\u0259 ya\u015fam\u0131r ki \u2013 <\/strong>Tanr\u0131verdi M\u0259mm\u0259dov deyir.<\/p>\n<p>\u00a0 Ki\u015fil\u0259rin yaln\u0131z az qismi bu fikird\u0259dir, onlar qad\u0131n\u0131n ist\u0259diyin\u0259 s\u0259s verm\u0259 haqq\u0131 oldu\u011funun t\u0259r\u0259fdar\u0131d\u0131rlar. Ki\u015fil\u0259rin bu qismi d\u0259 demokratiyan\u0131 bu c\u00fcr anlay\u0131r.<\/p>\n<p><strong>\u201cAzadl\u0131qd\u0131r. Qad\u0131n kimi ist\u0259yir onu se\u00e7ir. M\u0259n arvad\u0131ma nec\u0259 dey\u0259 bil\u0259r\u0259m ki filan\u0131 se\u00e7 dey\u0259?\u201d \u2013 <\/strong>Ziy\u0259ddin Mirz\u0259liyev bel\u0259 deyir.<\/p>\n<p>Se\u00e7ki prosesinin sa\u011flam \u015f\u0259kild\u0259 icras\u0131 \u00fc\u00e7\u00fcn, ekspertl\u0259t qad\u0131nlar\u0131n aktiv qo\u015fulmas\u0131n\u0131n z\u0259ruriliyind\u0259n b\u0259hs edirl\u0259r. Onlar qad\u0131nlarda m\u0259lumat\u0131 yayma\u011f\u0131 namiz\u0259dl\u0259rin ba\u015f v\u0259zif\u0259l\u0259ri oldu\u011funu d\u00fc\u015f\u00fcn\u00fcrl\u0259r. Ekspertl\u0259r\u0259 g\u00f6r\u0259 se\u00e7ki mesajlar\u0131 qad\u0131nlara ana dill\u0259rind\u0259 g\u00f6nd\u0259rilm\u0259lidir.<\/p>\n<p><strong>\u201c\u018fg\u0259r ist\u0259nil\u0259n v\u0259t\u0259nda\u015f,\u00a0 <\/strong><strong>bu<\/strong> <strong>ist\u0259r\u00a0 g\u00fcrc\u00fc qad\u0131n\u0131 olsun, ist\u0259rs\u0259 d\u0259 etnik azl\u0131\u011fa m\u0259nsub olan bir qad\u0131n, se\u00e7kil\u0259rd\u0259 i\u015ftirak etm\u0259dis\u0259, bu se\u00e7kil\u0259r \u00fc\u00e7\u00fcn arzuolunmaz amildir. Qad\u0131nlar\u0131n \u00f6z se\u00e7iml\u0259rini t\u0259sbit etm\u0259l\u0259ri h\u0259yati m\u0259na da\u015f\u0131y\u0131r. Bunu \u00fc\u00e7\u00fcn is\u0259 se\u00e7ki proqram\u0131n\u0131 t\u0259hlil etm\u0259lidirl\u0259r v\u0259 sonra pz se\u00e7iml\u0259rini etm\u0259lidirl\u0259r. Bu bel\u0259 olmur. Onlarda t\u0259f\u0259kk\u00fcr\u00fcn y\u00fcks\u0259lm\u0259si vacibdir. Ancaq son 5-6 ildir ki qad\u0131nlar nisb\u0259t\u0259n f\u0259alla\u015fd\u0131lar. Yax\u015f\u0131 olard\u0131 ki milli azl\u0131qlardan lan namiz\u0259dl\u0259r \u00f6z se\u00e7ki proqramlar\u0131n\u0131 ana dill\u0259rind\u0259 tan\u0131dayd\u0131lar\u201d \u2013 <\/strong>\u201cVecini\u201d Assosiyas\u0131n\u0131n s\u0259dri Laura Xaritona\u015fvili bel\u0259 deyir.<\/p>\n<p>\u00a0Xan\u0131mlar h\u00fcquqlar\u0131n\u0131n m\u00fcdafi\u0259si v\u0259 v\u0259t\u0259nda\u015f t\u0259f\u0259kk\u00fcr\u00fcn\u00fcn y\u00fcks\u0259ldilm\u0259si m\u0259qs\u0259di il\u0259, Saqareco majoritar deputat\u0131n\u0131n namiz\u0259dl\u0259rind\u0259n biri Tamar Xida\u015feli qad\u0131nlar \u00fc\u00e7\u00fcn m\u0259lumat m\u0259rk\u0259zini t\u0259sis etm\u0259k ist\u0259yir.<\/p>\n<p>\u00a0 Qad\u0131nlar\u0131n se\u00e7ki prosesin\u0259 qo\u015fulma t\u0259mayulu d\u0259yi\u015f\u0259c\u0259kmi? Bunu ekspertl\u0259r proqnozla\u015fd\u0131ra bilmirl\u0259r.\u00a0<\/p>\n","protected":false},"excerpt":{"rendered":"<p><strong>\u00a0Saqareco h\u0259mi\u015f\u0259 qad\u0131nlar v\u0259 x\u00fcsus\u0259n d\u0259 etnik azl\u0131qlar\u0131 n\u00fcmay\u0259nd\u0259l\u0259rinin a\u015fa\u011f\u0131 aktivlikliyil\u0259 f\u0259rql\u0259nirdi.<\/strong><\/p>\n","protected":false},"author":31,"featured_media":10864,"comment_status":"closed","ping_status":"open","sticky":false,"template":"","format":"standard","meta":{"colormag_page_layout":"default_layout","_monsterinsights_skip_tracking":false,"_monsterinsights_sitenote_active":false,"_monsterinsights_sitenote_note":"","_monsterinsights_sitenote_category":0,"footnotes":""},"categories":[15],"tags":[],"class_list":["post-31209","post","type-post","status-publish","format-standard","has-post-thumbnail","hentry","category-blogs"],"yoast_head":"<!-- This site is optimized with the Yoast SEO plugin v26.1.1 - https:\/\/yoast.com\/wordpress\/plugins\/seo\/ -->\n<title>\u201cM\u0259n kim\u0259 s\u0259s vers\u0259m arvad\u0131mda ona s\u0259s verm\u0259lidir\u201d | knews.ge<\/title>\n<meta name=\"description\" content=\"\u00a0Saqareco h\u0259mi\u015f\u0259 qad\u0131nlar v\u0259 x\u00fcsus\u0259n d\u0259 etnik azl\u0131qlar\u0131 n\u00fcmay\u0259nd\u0259l\u0259rinin a\u015fa\u011f\u0131 aktivlikliyil\u0259 f\u0259rql\u0259nirdi.\" \/>\n<meta name=\"robots\" content=\"index, follow, max-snippet:-1, max-image-preview:large, max-video-preview:-1\" \/>\n<link rel=\"canonical\" href=\"https:\/\/knews.ge\/?p=31209\" \/>\n<meta property=\"og:locale\" content=\"ka_GE\" \/>\n<meta property=\"og:type\" content=\"article\" \/>\n<meta property=\"og:title\" content=\"\u201cM\u0259n kim\u0259 s\u0259s vers\u0259m arvad\u0131mda ona s\u0259s verm\u0259lidir\u201d | knews.ge\" \/>\n<meta property=\"og:description\" content=\"\u00a0Saqareco h\u0259mi\u015f\u0259 qad\u0131nlar v\u0259 x\u00fcsus\u0259n d\u0259 etnik azl\u0131qlar\u0131 n\u00fcmay\u0259nd\u0259l\u0259rinin a\u015fa\u011f\u0131 aktivlikliyil\u0259 f\u0259rql\u0259nirdi.\" \/>\n<meta property=\"og:url\" content=\"https:\/\/knews.ge\/?p=31209\" \/>\n<meta property=\"og:site_name\" content=\"knews.ge\" \/>\n<meta property=\"article:publisher\" content=\"https:\/\/www.facebook.com\/kakhetiskhma\" \/>\n<meta property=\"article:published_time\" content=\"2017-09-08T10:58:06+00:00\" \/>\n<meta property=\"og:image\" content=\"https:\/\/knews.ge\/wp-content\/uploads\/2018\/09\/cms-image-000010863.jpg\" \/>\n\t<meta property=\"og:image:width\" content=\"800\" \/>\n\t<meta property=\"og:image:height\" content=\"450\" \/>\n\t<meta property=\"og:image:type\" content=\"image\/jpeg\" \/>\n<meta name=\"author\" content=\"\u10d9\u10d0\u10ee\u10d4\u10d7\u10d8\u10e1 \u10ee\u10db\u10d0\" \/>\n<meta name=\"twitter:card\" content=\"summary_large_image\" \/>\n<meta name=\"twitter:label1\" content=\"Written by\" \/>\n\t<meta name=\"twitter:data1\" content=\"\u10d9\u10d0\u10ee\u10d4\u10d7\u10d8\u10e1 \u10ee\u10db\u10d0\" \/>\n\t<meta name=\"twitter:label2\" content=\"Est. reading time\" \/>\n\t<meta name=\"twitter:data2\" content=\"5 \u10ec\u10e3\u10d7\u10d8\" \/>\n<!-- \/ Yoast SEO plugin. -->","yoast_head_json":{"title":"\u201cM\u0259n kim\u0259 s\u0259s vers\u0259m arvad\u0131mda ona s\u0259s verm\u0259lidir\u201d | knews.ge","description":"\u00a0Saqareco h\u0259mi\u015f\u0259 qad\u0131nlar v\u0259 x\u00fcsus\u0259n d\u0259 etnik azl\u0131qlar\u0131 n\u00fcmay\u0259nd\u0259l\u0259rinin a\u015fa\u011f\u0131 aktivlikliyil\u0259 f\u0259rql\u0259nirdi.","robots":{"index":"index","follow":"follow","max-snippet":"max-snippet:-1","max-image-preview":"max-image-preview:large","max-video-preview":"max-video-preview:-1"},"canonical":"https:\/\/knews.ge\/?p=31209","og_locale":"ka_GE","og_type":"article","og_title":"\u201cM\u0259n kim\u0259 s\u0259s vers\u0259m arvad\u0131mda ona s\u0259s verm\u0259lidir\u201d | knews.ge","og_description":"\u00a0Saqareco h\u0259mi\u015f\u0259 qad\u0131nlar v\u0259 x\u00fcsus\u0259n d\u0259 etnik azl\u0131qlar\u0131 n\u00fcmay\u0259nd\u0259l\u0259rinin a\u015fa\u011f\u0131 aktivlikliyil\u0259 f\u0259rql\u0259nirdi.","og_url":"https:\/\/knews.ge\/?p=31209","og_site_name":"knews.ge","article_publisher":"https:\/\/www.facebook.com\/kakhetiskhma","article_published_time":"2017-09-08T10:58:06+00:00","og_image":[{"width":800,"height":450,"url":"https:\/\/knews.ge\/wp-content\/uploads\/2018\/09\/cms-image-000010863.jpg","type":"image\/jpeg"}],"author":"\u10d9\u10d0\u10ee\u10d4\u10d7\u10d8\u10e1 \u10ee\u10db\u10d0","twitter_card":"summary_large_image","twitter_misc":{"Written by":"\u10d9\u10d0\u10ee\u10d4\u10d7\u10d8\u10e1 \u10ee\u10db\u10d0","Est. reading time":"5 \u10ec\u10e3\u10d7\u10d8"},"schema":{"@context":"https:\/\/schema.org","@graph":[{"@type":"NewsArticle","@id":"https:\/\/knews.ge\/?p=31209#article","isPartOf":{"@id":"https:\/\/knews.ge\/?p=31209"},"author":{"name":"\u10d9\u10d0\u10ee\u10d4\u10d7\u10d8\u10e1 \u10ee\u10db\u10d0","@id":"https:\/\/knews.ge\/#\/schema\/person\/2154aac5ef8a3460e0bb2ca9f04bcd0c"},"headline":"\u201cM\u0259n kim\u0259 s\u0259s vers\u0259m arvad\u0131mda ona s\u0259s verm\u0259lidir\u201d","datePublished":"2017-09-08T10:58:06+00:00","mainEntityOfPage":{"@id":"https:\/\/knews.ge\/?p=31209"},"wordCount":1005,"publisher":{"@id":"https:\/\/knews.ge\/#organization"},"image":{"@id":"https:\/\/knews.ge\/?p=31209#primaryimage"},"thumbnailUrl":"https:\/\/knews.ge\/wp-content\/uploads\/2018\/09\/cms-image-000010863.jpg","articleSection":["\u10d1\u10da\u10dd\u10d2\u10d4\u10d1\u10d8"],"inLanguage":"ka-GE"},{"@type":"WebPage","@id":"https:\/\/knews.ge\/?p=31209","url":"https:\/\/knews.ge\/?p=31209","name":"\u201cM\u0259n kim\u0259 s\u0259s vers\u0259m arvad\u0131mda ona s\u0259s verm\u0259lidir\u201d | knews.ge","isPartOf":{"@id":"https:\/\/knews.ge\/#website"},"primaryImageOfPage":{"@id":"https:\/\/knews.ge\/?p=31209#primaryimage"},"image":{"@id":"https:\/\/knews.ge\/?p=31209#primaryimage"},"thumbnailUrl":"https:\/\/knews.ge\/wp-content\/uploads\/2018\/09\/cms-image-000010863.jpg","datePublished":"2017-09-08T10:58:06+00:00","description":"\u00a0Saqareco h\u0259mi\u015f\u0259 qad\u0131nlar v\u0259 x\u00fcsus\u0259n d\u0259 etnik azl\u0131qlar\u0131 n\u00fcmay\u0259nd\u0259l\u0259rinin a\u015fa\u011f\u0131 aktivlikliyil\u0259 f\u0259rql\u0259nirdi.","breadcrumb":{"@id":"https:\/\/knews.ge\/?p=31209#breadcrumb"},"inLanguage":"ka-GE","potentialAction":[{"@type":"ReadAction","target":["https:\/\/knews.ge\/?p=31209"]}]},{"@type":"ImageObject","inLanguage":"ka-GE","@id":"https:\/\/knews.ge\/?p=31209#primaryimage","url":"https:\/\/knews.ge\/wp-content\/uploads\/2018\/09\/cms-image-000010863.jpg","contentUrl":"https:\/\/knews.ge\/wp-content\/uploads\/2018\/09\/cms-image-000010863.jpg","width":800,"height":450},{"@type":"BreadcrumbList","@id":"https:\/\/knews.ge\/?p=31209#breadcrumb","itemListElement":[{"@type":"ListItem","position":1,"name":"Home","item":"https:\/\/knews.ge\/"},{"@type":"ListItem","position":2,"name":"\u201cM\u0259n kim\u0259 s\u0259s vers\u0259m arvad\u0131mda ona s\u0259s verm\u0259lidir\u201d"}]},{"@type":"WebSite","@id":"https:\/\/knews.ge\/#website","url":"https:\/\/knews.ge\/","name":"knews.ge","description":"\u10d9\u10d0\u10ee\u10d4\u10d7\u10d8\u10e1 \u10ee\u10db\u10d0 \u10d8\u10dc\u10e4\u10dd\u10e0\u10db\u10d0\u10ea\u10d8\u10d8\u10e1 \u10e1\u10d0\u10dc\u10d3\u10dd \u10ec\u10e7\u10d0\u10e0\u10dd \u10d7\u10d4\u10da\u10d0\u10d5\u10e8\u10d8 , \u10d2\u10e3\u10e0\u10ef\u10d0\u10d0\u10dc\u10e8\u10d8 \u10d3\u10d0 \u10d9\u10d0\u10ee\u10d4\u10d7\u10e8\u10d8","publisher":{"@id":"https:\/\/knews.ge\/#organization"},"potentialAction":[{"@type":"SearchAction","target":{"@type":"EntryPoint","urlTemplate":"https:\/\/knews.ge\/?s={search_term_string}"},"query-input":{"@type":"PropertyValueSpecification","valueRequired":true,"valueName":"search_term_string"}}],"inLanguage":"ka-GE"},{"@type":"Organization","@id":"https:\/\/knews.ge\/#organization","name":"Knews","url":"https:\/\/knews.ge\/","logo":{"@type":"ImageObject","inLanguage":"ka-GE","@id":"https:\/\/knews.ge\/#\/schema\/logo\/image\/","url":"https:\/\/knews.ge\/wp-content\/uploads\/knews-01-with-text.png","contentUrl":"https:\/\/knews.ge\/wp-content\/uploads\/knews-01-with-text.png","width":720,"height":924,"caption":"Knews"},"image":{"@id":"https:\/\/knews.ge\/#\/schema\/logo\/image\/"},"sameAs":["https:\/\/www.facebook.com\/kakhetiskhma","https:\/\/www.linkedin.com\/company\/\u10d9\u10d0\u10ee\u10d4\u10d7\u10d8\u10e1-\u10ee\u10db\u10d0-knews-ge","https:\/\/www.youtube.com\/channel\/UCzUfDfvQO5pccbG94Qu7h0Q\/featured"]},{"@type":"Person","@id":"https:\/\/knews.ge\/#\/schema\/person\/2154aac5ef8a3460e0bb2ca9f04bcd0c","name":"\u10d9\u10d0\u10ee\u10d4\u10d7\u10d8\u10e1 \u10ee\u10db\u10d0","image":{"@type":"ImageObject","inLanguage":"ka-GE","@id":"https:\/\/knews.ge\/#\/schema\/person\/image\/","url":"https:\/\/secure.gravatar.com\/avatar\/de6efffff79cdb1afea435353177e09e5af50d5e972f9a459ed20f3c45bc6da6?s=96&d=mm&r=g","contentUrl":"https:\/\/secure.gravatar.com\/avatar\/de6efffff79cdb1afea435353177e09e5af50d5e972f9a459ed20f3c45bc6da6?s=96&d=mm&r=g","caption":"\u10d9\u10d0\u10ee\u10d4\u10d7\u10d8\u10e1 \u10ee\u10db\u10d0"},"url":"https:\/\/knews.ge\/?author=31"}]}},"_links":{"self":[{"href":"https:\/\/knews.ge\/index.php?rest_route=\/wp\/v2\/posts\/31209","targetHints":{"allow":["GET"]}}],"collection":[{"href":"https:\/\/knews.ge\/index.php?rest_route=\/wp\/v2\/posts"}],"about":[{"href":"https:\/\/knews.ge\/index.php?rest_route=\/wp\/v2\/types\/post"}],"author":[{"embeddable":true,"href":"https:\/\/knews.ge\/index.php?rest_route=\/wp\/v2\/users\/31"}],"replies":[{"embeddable":true,"href":"https:\/\/knews.ge\/index.php?rest_route=%2Fwp%2Fv2%2Fcomments&post=31209"}],"version-history":[{"count":0,"href":"https:\/\/knews.ge\/index.php?rest_route=\/wp\/v2\/posts\/31209\/revisions"}],"wp:featuredmedia":[{"embeddable":true,"href":"https:\/\/knews.ge\/index.php?rest_route=\/wp\/v2\/media\/10864"}],"wp:attachment":[{"href":"https:\/\/knews.ge\/index.php?rest_route=%2Fwp%2Fv2%2Fmedia&parent=31209"}],"wp:term":[{"taxonomy":"category","embeddable":true,"href":"https:\/\/knews.ge\/index.php?rest_route=%2Fwp%2Fv2%2Fcategories&post=31209"},{"taxonomy":"post_tag","embeddable":true,"href":"https:\/\/knews.ge\/index.php?rest_route=%2Fwp%2Fv2%2Ftags&post=31209"}],"curies":[{"name":"wp","href":"https:\/\/api.w.org\/{rel}","templated":true}]}}